{"id":4464,"date":"2011-08-04T11:27:09","date_gmt":"2011-08-04T11:27:09","guid":{"rendered":"http:\/\/annielux.de\/?p=4464"},"modified":"2014-03-24T11:38:59","modified_gmt":"2014-03-24T11:38:59","slug":"gretes-debutalbum-neu-im-bezirk-ist-fertig","status":"publish","type":"post","link":"http:\/\/annielux.de\/?p=4464","title":{"rendered":"Gretes Deb\u00fctalbum &#8222;Neu im Bezirk&#8220; ist fertig."},"content":{"rendered":"<p>Gretes Deb\u00fctalbum &#8222;Neu im Bezirk&#8220; ist fertig und man kann es als CD mit sch\u00f6n gestaltetem Cover von Sebastian Wagner bei mir bestellen. (10,-\u20ac\/ St\u00fcck)<\/p>\n<p>Experimental-Elektro-Pop mit Texten, die dir (je nachdem, welcher Gem\u00fctstyp du bist) Alptr\u00e4ume oder zutiefst Genuss bereiten!<\/p>\n<p><a href=\"http:\/\/annielux.de\/wp-content\/uploads\/2013\/08\/GreteFisch-NeuImBezirk-CD-klein-1.jpg\"><img loading=\"lazy\" decoding=\"async\" class=\"alignnone size-full wp-image-4043\" alt=\"GreteFisch-NeuImBezirk \" src=\"http:\/\/annielux.de\/wp-content\/uploads\/2013\/08\/GreteFisch-NeuImBezirk-CD-klein-1.jpg\" width=\"402\" height=\"402\" srcset=\"http:\/\/annielux.de\/wp-content\/uploads\/2013\/08\/GreteFisch-NeuImBezirk-CD-klein-1.jpg 1536w, http:\/\/annielux.de\/wp-content\/uploads\/2013\/08\/GreteFisch-NeuImBezirk-CD-klein-1-150x150.jpg 150w, http:\/\/annielux.de\/wp-content\/uploads\/2013\/08\/GreteFisch-NeuImBezirk-CD-klein-1-300x300.jpg 300w, http:\/\/annielux.de\/wp-content\/uploads\/2013\/08\/GreteFisch-NeuImBezirk-CD-klein-1-1024x1024.jpg 1024w\" sizes=\"(max-width: 402px) 100vw, 402px\" \/><\/a><\/p>\n","protected":false},"excerpt":{"rendered":"<p>Gretes Deb\u00fctalbum &#8222;Neu im Bezirk&#8220; ist fertig und man kann es als CD mit sch\u00f6n gestaltetem Cover von Sebastian Wagner bei mir bestellen. (10,-\u20ac\/ St\u00fcck) Experimental-Elektro-Pop mit Texten, die dir (je nachdem, welcher Gem\u00fctstyp du bist) Alptr\u00e4ume oder zutiefst Genuss bereiten!<\/p>\n","protected":false},"author":1,"featured_media":0,"comment_status":"open","ping_status":"open","sticky":false,"template":"","format":"standard","meta":{"footnotes":""},"categories":[5],"tags":[],"yoast_head":"<!-- This site is optimized with the Yoast SEO plugin v22.5 - https:\/\/yoast.com\/wordpress\/plugins\/seo\/ -->\n<title>Gretes Deb\u00fctalbum &quot;Neu im Bezirk&quot; ist fertig. - Annie Lux<\/title>\n<meta name=\"robots\" content=\"index, follow, max-snippet:-1, max-image-preview:large, max-video-preview:-1\" \/>\n<link rel=\"canonical\" href=\"http:\/\/annielux.de\/?p=4464\" \/>\n<meta property=\"og:locale\" content=\"de_DE\" \/>\n<meta property=\"og:type\" content=\"article\" \/>\n<meta property=\"og:title\" content=\"Gretes Deb\u00fctalbum &quot;Neu im Bezirk&quot; ist fertig. - Annie Lux\" \/>\n<meta property=\"og:description\" content=\"Gretes Deb\u00fctalbum &#8222;Neu im Bezirk&#8220; ist fertig und man kann es als CD mit sch\u00f6n gestaltetem Cover von Sebastian Wagner bei mir bestellen. (10,-\u20ac\/ St\u00fcck) Experimental-Elektro-Pop mit Texten, die dir (je nachdem, welcher Gem\u00fctstyp du bist) Alptr\u00e4ume oder zutiefst Genuss bereiten!\" \/>\n<meta property=\"og:url\" content=\"http:\/\/annielux.de\/?p=4464\" \/>\n<meta property=\"og:site_name\" content=\"Annie Lux\" \/>\n<meta property=\"article:published_time\" content=\"2011-08-04T11:27:09+00:00\" \/>\n<meta property=\"article:modified_time\" content=\"2014-03-24T11:38:59+00:00\" \/>\n<meta property=\"og:image\" content=\"http:\/\/annielux.de\/wp-content\/uploads\/2013\/08\/GreteFisch-NeuImBezirk-CD-klein-1.jpg\" \/>\n<meta name=\"author\" content=\"annielux\" \/>\n<meta name=\"twitter:card\" content=\"summary_large_image\" \/>\n<meta name=\"twitter:label1\" content=\"Verfasst von\" \/>\n\t<meta name=\"twitter:data1\" content=\"annielux\" \/>\n<script type=\"application\/ld+json\" class=\"yoast-schema-graph\">{\"@context\":\"https:\/\/schema.org\",\"@graph\":[{\"@type\":\"WebPage\",\"@id\":\"http:\/\/annielux.de\/?p=4464\",\"url\":\"http:\/\/annielux.de\/?p=4464\",\"name\":\"Gretes Deb\u00fctalbum \\\"Neu im Bezirk\\\" ist fertig. - Annie Lux\",\"isPartOf\":{\"@id\":\"http:\/\/annielux.de\/#website\"},\"primaryImageOfPage\":{\"@id\":\"http:\/\/annielux.de\/?p=4464#primaryimage\"},\"image\":{\"@id\":\"http:\/\/annielux.de\/?p=4464#primaryimage\"},\"thumbnailUrl\":\"http:\/\/annielux.de\/wp-content\/uploads\/2013\/08\/GreteFisch-NeuImBezirk-CD-klein-1.jpg\",\"datePublished\":\"2011-08-04T11:27:09+00:00\",\"dateModified\":\"2014-03-24T11:38:59+00:00\",\"author\":{\"@id\":\"http:\/\/annielux.de\/#\/schema\/person\/3f8f70b4395db309d1d176c239dd2efe\"},\"breadcrumb\":{\"@id\":\"http:\/\/annielux.de\/?p=4464#breadcrumb\"},\"inLanguage\":\"de\",\"potentialAction\":[{\"@type\":\"ReadAction\",\"target\":[\"http:\/\/annielux.de\/?p=4464\"]}]},{\"@type\":\"ImageObject\",\"inLanguage\":\"de\",\"@id\":\"http:\/\/annielux.de\/?p=4464#primaryimage\",\"url\":\"http:\/\/annielux.de\/wp-content\/uploads\/2013\/08\/GreteFisch-NeuImBezirk-CD-klein-1.jpg\",\"contentUrl\":\"http:\/\/annielux.de\/wp-content\/uploads\/2013\/08\/GreteFisch-NeuImBezirk-CD-klein-1.jpg\"},{\"@type\":\"BreadcrumbList\",\"@id\":\"http:\/\/annielux.de\/?p=4464#breadcrumb\",\"itemListElement\":[{\"@type\":\"ListItem\",\"position\":1,\"name\":\"Startseite\",\"item\":\"http:\/\/annielux.de\/\"},{\"@type\":\"ListItem\",\"position\":2,\"name\":\"Gretes Deb\u00fctalbum &#8222;Neu im Bezirk&#8220; ist fertig.\"}]},{\"@type\":\"WebSite\",\"@id\":\"http:\/\/annielux.de\/#website\",\"url\":\"http:\/\/annielux.de\/\",\"name\":\"Annie Lux\",\"description\":\"K\u00fcnstlerin\",\"potentialAction\":[{\"@type\":\"SearchAction\",\"target\":{\"@type\":\"EntryPoint\",\"urlTemplate\":\"http:\/\/annielux.de\/?s={search_term_string}\"},\"query-input\":\"required name=search_term_string\"}],\"inLanguage\":\"de\"},{\"@type\":\"Person\",\"@id\":\"http:\/\/annielux.de\/#\/schema\/person\/3f8f70b4395db309d1d176c239dd2efe\",\"name\":\"annielux\",\"image\":{\"@type\":\"ImageObject\",\"inLanguage\":\"de\",\"@id\":\"http:\/\/annielux.de\/#\/schema\/person\/image\/\",\"url\":\"http:\/\/0.gravatar.com\/avatar\/c1af084958c70a468d182e284152c742?s=96&d=mm&r=g\",\"contentUrl\":\"http:\/\/0.gravatar.com\/avatar\/c1af084958c70a468d182e284152c742?s=96&d=mm&r=g\",\"caption\":\"annielux\"},\"url\":\"http:\/\/annielux.de\/?author=1\"}]}<\/script>\n<!-- \/ Yoast SEO plugin. -->","yoast_head_json":{"title":"Gretes Deb\u00fctalbum \"Neu im Bezirk\" ist fertig. - Annie Lux","robots":{"index":"index","follow":"follow","max-snippet":"max-snippet:-1","max-image-preview":"max-image-preview:large","max-video-preview":"max-video-preview:-1"},"canonical":"http:\/\/annielux.de\/?p=4464","og_locale":"de_DE","og_type":"article","og_title":"Gretes Deb\u00fctalbum \"Neu im Bezirk\" ist fertig. - Annie Lux","og_description":"Gretes Deb\u00fctalbum &#8222;Neu im Bezirk&#8220; ist fertig und man kann es als CD mit sch\u00f6n gestaltetem Cover von Sebastian Wagner bei mir bestellen. (10,-\u20ac\/ St\u00fcck) Experimental-Elektro-Pop mit Texten, die dir (je nachdem, welcher Gem\u00fctstyp du bist) Alptr\u00e4ume oder zutiefst Genuss bereiten!","og_url":"http:\/\/annielux.de\/?p=4464","og_site_name":"Annie Lux","article_published_time":"2011-08-04T11:27:09+00:00","article_modified_time":"2014-03-24T11:38:59+00:00","og_image":[{"url":"http:\/\/annielux.de\/wp-content\/uploads\/2013\/08\/GreteFisch-NeuImBezirk-CD-klein-1.jpg"}],"author":"annielux","twitter_card":"summary_large_image","twitter_misc":{"Verfasst von":"annielux"},"schema":{"@context":"https:\/\/schema.org","@graph":[{"@type":"WebPage","@id":"http:\/\/annielux.de\/?p=4464","url":"http:\/\/annielux.de\/?p=4464","name":"Gretes Deb\u00fctalbum \"Neu im Bezirk\" ist fertig. - Annie Lux","isPartOf":{"@id":"http:\/\/annielux.de\/#website"},"primaryImageOfPage":{"@id":"http:\/\/annielux.de\/?p=4464#primaryimage"},"image":{"@id":"http:\/\/annielux.de\/?p=4464#primaryimage"},"thumbnailUrl":"http:\/\/annielux.de\/wp-content\/uploads\/2013\/08\/GreteFisch-NeuImBezirk-CD-klein-1.jpg","datePublished":"2011-08-04T11:27:09+00:00","dateModified":"2014-03-24T11:38:59+00:00","author":{"@id":"http:\/\/annielux.de\/#\/schema\/person\/3f8f70b4395db309d1d176c239dd2efe"},"breadcrumb":{"@id":"http:\/\/annielux.de\/?p=4464#breadcrumb"},"inLanguage":"de","potentialAction":[{"@type":"ReadAction","target":["http:\/\/annielux.de\/?p=4464"]}]},{"@type":"ImageObject","inLanguage":"de","@id":"http:\/\/annielux.de\/?p=4464#primaryimage","url":"http:\/\/annielux.de\/wp-content\/uploads\/2013\/08\/GreteFisch-NeuImBezirk-CD-klein-1.jpg","contentUrl":"http:\/\/annielux.de\/wp-content\/uploads\/2013\/08\/GreteFisch-NeuImBezirk-CD-klein-1.jpg"},{"@type":"BreadcrumbList","@id":"http:\/\/annielux.de\/?p=4464#breadcrumb","itemListElement":[{"@type":"ListItem","position":1,"name":"Startseite","item":"http:\/\/annielux.de\/"},{"@type":"ListItem","position":2,"name":"Gretes Deb\u00fctalbum &#8222;Neu im Bezirk&#8220; ist fertig."}]},{"@type":"WebSite","@id":"http:\/\/annielux.de\/#website","url":"http:\/\/annielux.de\/","name":"Annie Lux","description":"K\u00fcnstlerin","potentialAction":[{"@type":"SearchAction","target":{"@type":"EntryPoint","urlTemplate":"http:\/\/annielux.de\/?s={search_term_string}"},"query-input":"required name=search_term_string"}],"inLanguage":"de"},{"@type":"Person","@id":"http:\/\/annielux.de\/#\/schema\/person\/3f8f70b4395db309d1d176c239dd2efe","name":"annielux","image":{"@type":"ImageObject","inLanguage":"de","@id":"http:\/\/annielux.de\/#\/schema\/person\/image\/","url":"http:\/\/0.gravatar.com\/avatar\/c1af084958c70a468d182e284152c742?s=96&d=mm&r=g","contentUrl":"http:\/\/0.gravatar.com\/avatar\/c1af084958c70a468d182e284152c742?s=96&d=mm&r=g","caption":"annielux"},"url":"http:\/\/annielux.de\/?author=1"}]}},"_links":{"self":[{"href":"http:\/\/annielux.de\/index.php?rest_route=\/wp\/v2\/posts\/4464"}],"collection":[{"href":"http:\/\/annielux.de\/index.php?rest_route=\/wp\/v2\/posts"}],"about":[{"href":"http:\/\/annielux.de\/index.php?rest_route=\/wp\/v2\/types\/post"}],"author":[{"embeddable":true,"href":"http:\/\/annielux.de\/index.php?rest_route=\/wp\/v2\/users\/1"}],"replies":[{"embeddable":true,"href":"http:\/\/annielux.de\/index.php?rest_route=%2Fwp%2Fv2%2Fcomments&post=4464"}],"version-history":[{"count":2,"href":"http:\/\/annielux.de\/index.php?rest_route=\/wp\/v2\/posts\/4464\/revisions"}],"predecessor-version":[{"id":4467,"href":"http:\/\/annielux.de\/index.php?rest_route=\/wp\/v2\/posts\/4464\/revisions\/4467"}],"wp:attachment":[{"href":"http:\/\/annielux.de\/index.php?rest_route=%2Fwp%2Fv2%2Fmedia&parent=4464"}],"wp:term":[{"taxonomy":"category","embeddable":true,"href":"http:\/\/annielux.de\/index.php?rest_route=%2Fwp%2Fv2%2Fcategories&post=4464"},{"taxonomy":"post_tag","embeddable":true,"href":"http:\/\/annielux.de\/index.php?rest_route=%2Fwp%2Fv2%2Ftags&post=4464"}],"curies":[{"name":"wp","href":"https:\/\/api.w.org\/{rel}","templated":true}]}}