{"id":4485,"date":"2012-12-15T19:00:30","date_gmt":"2012-12-15T19:00:30","guid":{"rendered":"http:\/\/annielux.de\/?p=4485"},"modified":"2014-09-26T15:25:36","modified_gmt":"2014-09-26T15:25:36","slug":"das-ding-mit-den-zipfeln-lesung","status":"publish","type":"post","link":"http:\/\/annielux.de\/?p=4485","title":{"rendered":"Das Ding mit den Zipfeln &#8211; Lesung"},"content":{"rendered":"<p>Ich bin mit Michael Wieting bei Felix Liebig, dem Kulturingenieur, zu Gast. Wir geben eine Lesung mit Kl\u00e4ngen und Ger\u00e4uschen w\u00e4hrend des L\u00f6muweika (L\u00f6btauer Musikalischer Weihnachtskalender). Felix reicht Geb\u00e4ck und Pudding, der an das Ding in der vorgelesenen Geschichte erinnern soll. Mein Vater und meine Schwester nebst meinem Schwager und meinen Neffen sind auch anwesend. Zum ersten Mal ist meine Familie zu Gast. F\u00fcr mich ist das okay.<\/p>\n<div id=\"attachment_4486\" style=\"width: 398px\" class=\"wp-caption alignnone\"><a href=\"http:\/\/annielux.de\/wp-content\/uploads\/2014\/09\/DasDing-Dez-2012.jpg\"><img loading=\"lazy\" decoding=\"async\" aria-describedby=\"caption-attachment-4486\" class=\"size-full wp-image-4486\" alt=\"L\u00f6muweika bei Felix Liebig. Mit Musiker Michael Wieting\" src=\"http:\/\/annielux.de\/wp-content\/uploads\/2014\/09\/DasDing-Dez-2012.jpg\" width=\"388\" height=\"210\" srcset=\"http:\/\/annielux.de\/wp-content\/uploads\/2014\/09\/DasDing-Dez-2012.jpg 388w, http:\/\/annielux.de\/wp-content\/uploads\/2014\/09\/DasDing-Dez-2012-300x162.jpg 300w\" sizes=\"(max-width: 388px) 100vw, 388px\" \/><\/a><p id=\"caption-attachment-4486\" class=\"wp-caption-text\">L\u00f6muweika bei Felix Liebig. Mit Musiker Michael Wieting<\/p><\/div>\n","protected":false},"excerpt":{"rendered":"<p>Ich bin mit Michael Wieting bei Felix Liebig, dem Kulturingenieur, zu Gast. Wir geben eine Lesung mit Kl\u00e4ngen und Ger\u00e4uschen w\u00e4hrend des L\u00f6muweika (L\u00f6btauer Musikalischer Weihnachtskalender). Felix reicht Geb\u00e4ck und Pudding, der an das Ding in der vorgelesenen Geschichte erinnern soll. Mein Vater und meine Schwester nebst meinem Schwager und meinen Neffen sind auch anwesend. Zum ersten Mal ist meine Familie zu Gast. F\u00fcr mich ist das okay.<\/p>\n","protected":false},"author":1,"featured_media":0,"comment_status":"open","ping_status":"open","sticky":false,"template":"","format":"standard","meta":{"footnotes":""},"categories":[5],"tags":[],"yoast_head":"<!-- This site is optimized with the Yoast SEO plugin v22.5 - https:\/\/yoast.com\/wordpress\/plugins\/seo\/ -->\n<title>Das Ding mit den Zipfeln - Lesung - Annie Lux<\/title>\n<meta name=\"robots\" content=\"index, follow, max-snippet:-1, max-image-preview:large, max-video-preview:-1\" \/>\n<link rel=\"canonical\" href=\"http:\/\/annielux.de\/?p=4485\" \/>\n<meta property=\"og:locale\" content=\"de_DE\" \/>\n<meta property=\"og:type\" content=\"article\" \/>\n<meta property=\"og:title\" content=\"Das Ding mit den Zipfeln - Lesung - Annie Lux\" \/>\n<meta property=\"og:description\" content=\"Ich bin mit Michael Wieting bei Felix Liebig, dem Kulturingenieur, zu Gast. Wir geben eine Lesung mit Kl\u00e4ngen und Ger\u00e4uschen w\u00e4hrend des L\u00f6muweika (L\u00f6btauer Musikalischer Weihnachtskalender). Felix reicht Geb\u00e4ck und Pudding, der an das Ding in der vorgelesenen Geschichte erinnern soll. Mein Vater und meine Schwester nebst meinem Schwager und meinen Neffen sind auch anwesend. Zum ersten Mal ist meine Familie zu Gast. F\u00fcr mich ist das okay.\" \/>\n<meta property=\"og:url\" content=\"http:\/\/annielux.de\/?p=4485\" \/>\n<meta property=\"og:site_name\" content=\"Annie Lux\" \/>\n<meta property=\"article:published_time\" content=\"2012-12-15T19:00:30+00:00\" \/>\n<meta property=\"article:modified_time\" content=\"2014-09-26T15:25:36+00:00\" \/>\n<meta property=\"og:image\" content=\"http:\/\/annielux.de\/wp-content\/uploads\/2014\/09\/DasDing-Dez-2012.jpg\" \/>\n<meta name=\"author\" content=\"annielux\" \/>\n<meta name=\"twitter:card\" content=\"summary_large_image\" \/>\n<meta name=\"twitter:label1\" content=\"Verfasst von\" \/>\n\t<meta name=\"twitter:data1\" content=\"annielux\" \/>\n<script type=\"application\/ld+json\" class=\"yoast-schema-graph\">{\"@context\":\"https:\/\/schema.org\",\"@graph\":[{\"@type\":\"WebPage\",\"@id\":\"http:\/\/annielux.de\/?p=4485\",\"url\":\"http:\/\/annielux.de\/?p=4485\",\"name\":\"Das Ding mit den Zipfeln - Lesung - Annie Lux\",\"isPartOf\":{\"@id\":\"http:\/\/annielux.de\/#website\"},\"primaryImageOfPage\":{\"@id\":\"http:\/\/annielux.de\/?p=4485#primaryimage\"},\"image\":{\"@id\":\"http:\/\/annielux.de\/?p=4485#primaryimage\"},\"thumbnailUrl\":\"http:\/\/annielux.de\/wp-content\/uploads\/2014\/09\/DasDing-Dez-2012.jpg\",\"datePublished\":\"2012-12-15T19:00:30+00:00\",\"dateModified\":\"2014-09-26T15:25:36+00:00\",\"author\":{\"@id\":\"http:\/\/annielux.de\/#\/schema\/person\/3f8f70b4395db309d1d176c239dd2efe\"},\"breadcrumb\":{\"@id\":\"http:\/\/annielux.de\/?p=4485#breadcrumb\"},\"inLanguage\":\"de\",\"potentialAction\":[{\"@type\":\"ReadAction\",\"target\":[\"http:\/\/annielux.de\/?p=4485\"]}]},{\"@type\":\"ImageObject\",\"inLanguage\":\"de\",\"@id\":\"http:\/\/annielux.de\/?p=4485#primaryimage\",\"url\":\"http:\/\/annielux.de\/wp-content\/uploads\/2014\/09\/DasDing-Dez-2012.jpg\",\"contentUrl\":\"http:\/\/annielux.de\/wp-content\/uploads\/2014\/09\/DasDing-Dez-2012.jpg\"},{\"@type\":\"BreadcrumbList\",\"@id\":\"http:\/\/annielux.de\/?p=4485#breadcrumb\",\"itemListElement\":[{\"@type\":\"ListItem\",\"position\":1,\"name\":\"Startseite\",\"item\":\"http:\/\/annielux.de\/\"},{\"@type\":\"ListItem\",\"position\":2,\"name\":\"Das Ding mit den Zipfeln &#8211; Lesung\"}]},{\"@type\":\"WebSite\",\"@id\":\"http:\/\/annielux.de\/#website\",\"url\":\"http:\/\/annielux.de\/\",\"name\":\"Annie Lux\",\"description\":\"K\u00fcnstlerin\",\"potentialAction\":[{\"@type\":\"SearchAction\",\"target\":{\"@type\":\"EntryPoint\",\"urlTemplate\":\"http:\/\/annielux.de\/?s={search_term_string}\"},\"query-input\":\"required name=search_term_string\"}],\"inLanguage\":\"de\"},{\"@type\":\"Person\",\"@id\":\"http:\/\/annielux.de\/#\/schema\/person\/3f8f70b4395db309d1d176c239dd2efe\",\"name\":\"annielux\",\"image\":{\"@type\":\"ImageObject\",\"inLanguage\":\"de\",\"@id\":\"http:\/\/annielux.de\/#\/schema\/person\/image\/\",\"url\":\"http:\/\/0.gravatar.com\/avatar\/c1af084958c70a468d182e284152c742?s=96&d=mm&r=g\",\"contentUrl\":\"http:\/\/0.gravatar.com\/avatar\/c1af084958c70a468d182e284152c742?s=96&d=mm&r=g\",\"caption\":\"annielux\"},\"url\":\"http:\/\/annielux.de\/?author=1\"}]}<\/script>\n<!-- \/ Yoast SEO plugin. -->","yoast_head_json":{"title":"Das Ding mit den Zipfeln - Lesung - Annie Lux","robots":{"index":"index","follow":"follow","max-snippet":"max-snippet:-1","max-image-preview":"max-image-preview:large","max-video-preview":"max-video-preview:-1"},"canonical":"http:\/\/annielux.de\/?p=4485","og_locale":"de_DE","og_type":"article","og_title":"Das Ding mit den Zipfeln - Lesung - Annie Lux","og_description":"Ich bin mit Michael Wieting bei Felix Liebig, dem Kulturingenieur, zu Gast. Wir geben eine Lesung mit Kl\u00e4ngen und Ger\u00e4uschen w\u00e4hrend des L\u00f6muweika (L\u00f6btauer Musikalischer Weihnachtskalender). Felix reicht Geb\u00e4ck und Pudding, der an das Ding in der vorgelesenen Geschichte erinnern soll. Mein Vater und meine Schwester nebst meinem Schwager und meinen Neffen sind auch anwesend. Zum ersten Mal ist meine Familie zu Gast. F\u00fcr mich ist das okay.","og_url":"http:\/\/annielux.de\/?p=4485","og_site_name":"Annie Lux","article_published_time":"2012-12-15T19:00:30+00:00","article_modified_time":"2014-09-26T15:25:36+00:00","og_image":[{"url":"http:\/\/annielux.de\/wp-content\/uploads\/2014\/09\/DasDing-Dez-2012.jpg"}],"author":"annielux","twitter_card":"summary_large_image","twitter_misc":{"Verfasst von":"annielux"},"schema":{"@context":"https:\/\/schema.org","@graph":[{"@type":"WebPage","@id":"http:\/\/annielux.de\/?p=4485","url":"http:\/\/annielux.de\/?p=4485","name":"Das Ding mit den Zipfeln - Lesung - Annie Lux","isPartOf":{"@id":"http:\/\/annielux.de\/#website"},"primaryImageOfPage":{"@id":"http:\/\/annielux.de\/?p=4485#primaryimage"},"image":{"@id":"http:\/\/annielux.de\/?p=4485#primaryimage"},"thumbnailUrl":"http:\/\/annielux.de\/wp-content\/uploads\/2014\/09\/DasDing-Dez-2012.jpg","datePublished":"2012-12-15T19:00:30+00:00","dateModified":"2014-09-26T15:25:36+00:00","author":{"@id":"http:\/\/annielux.de\/#\/schema\/person\/3f8f70b4395db309d1d176c239dd2efe"},"breadcrumb":{"@id":"http:\/\/annielux.de\/?p=4485#breadcrumb"},"inLanguage":"de","potentialAction":[{"@type":"ReadAction","target":["http:\/\/annielux.de\/?p=4485"]}]},{"@type":"ImageObject","inLanguage":"de","@id":"http:\/\/annielux.de\/?p=4485#primaryimage","url":"http:\/\/annielux.de\/wp-content\/uploads\/2014\/09\/DasDing-Dez-2012.jpg","contentUrl":"http:\/\/annielux.de\/wp-content\/uploads\/2014\/09\/DasDing-Dez-2012.jpg"},{"@type":"BreadcrumbList","@id":"http:\/\/annielux.de\/?p=4485#breadcrumb","itemListElement":[{"@type":"ListItem","position":1,"name":"Startseite","item":"http:\/\/annielux.de\/"},{"@type":"ListItem","position":2,"name":"Das Ding mit den Zipfeln &#8211; Lesung"}]},{"@type":"WebSite","@id":"http:\/\/annielux.de\/#website","url":"http:\/\/annielux.de\/","name":"Annie Lux","description":"K\u00fcnstlerin","potentialAction":[{"@type":"SearchAction","target":{"@type":"EntryPoint","urlTemplate":"http:\/\/annielux.de\/?s={search_term_string}"},"query-input":"required name=search_term_string"}],"inLanguage":"de"},{"@type":"Person","@id":"http:\/\/annielux.de\/#\/schema\/person\/3f8f70b4395db309d1d176c239dd2efe","name":"annielux","image":{"@type":"ImageObject","inLanguage":"de","@id":"http:\/\/annielux.de\/#\/schema\/person\/image\/","url":"http:\/\/0.gravatar.com\/avatar\/c1af084958c70a468d182e284152c742?s=96&d=mm&r=g","contentUrl":"http:\/\/0.gravatar.com\/avatar\/c1af084958c70a468d182e284152c742?s=96&d=mm&r=g","caption":"annielux"},"url":"http:\/\/annielux.de\/?author=1"}]}},"_links":{"self":[{"href":"http:\/\/annielux.de\/index.php?rest_route=\/wp\/v2\/posts\/4485"}],"collection":[{"href":"http:\/\/annielux.de\/index.php?rest_route=\/wp\/v2\/posts"}],"about":[{"href":"http:\/\/annielux.de\/index.php?rest_route=\/wp\/v2\/types\/post"}],"author":[{"embeddable":true,"href":"http:\/\/annielux.de\/index.php?rest_route=\/wp\/v2\/users\/1"}],"replies":[{"embeddable":true,"href":"http:\/\/annielux.de\/index.php?rest_route=%2Fwp%2Fv2%2Fcomments&post=4485"}],"version-history":[{"count":2,"href":"http:\/\/annielux.de\/index.php?rest_route=\/wp\/v2\/posts\/4485\/revisions"}],"predecessor-version":[{"id":4677,"href":"http:\/\/annielux.de\/index.php?rest_route=\/wp\/v2\/posts\/4485\/revisions\/4677"}],"wp:attachment":[{"href":"http:\/\/annielux.de\/index.php?rest_route=%2Fwp%2Fv2%2Fmedia&parent=4485"}],"wp:term":[{"taxonomy":"category","embeddable":true,"href":"http:\/\/annielux.de\/index.php?rest_route=%2Fwp%2Fv2%2Fcategories&post=4485"},{"taxonomy":"post_tag","embeddable":true,"href":"http:\/\/annielux.de\/index.php?rest_route=%2Fwp%2Fv2%2Ftags&post=4485"}],"curies":[{"name":"wp","href":"https:\/\/api.w.org\/{rel}","templated":true}]}}