{"id":4492,"date":"2011-08-14T16:45:07","date_gmt":"2011-08-14T16:45:07","guid":{"rendered":"http:\/\/annielux.de\/?p=4492"},"modified":"2014-09-26T15:57:15","modified_gmt":"2014-09-26T15:57:15","slug":"goda-ferd-dresdner-urauffuhrung","status":"publish","type":"post","link":"http:\/\/annielux.de\/?p=4492","title":{"rendered":"Go\u00f0a Fer\u00f0 &#8211; Dresdner Urauff\u00fchrung"},"content":{"rendered":"<p>Heute zeige ich den Reisefilm Go\u00f0a Fer\u00f0, der unter der k\u00fcnstlerisch-technischen Leitung von <a title=\"Frank Nagel\" href=\"http:\/\/www.fnag-video.de\/\">Frank Nagel<\/a> im Juli 2010 auf Island gedreht wurde. Ich bin darin als Rucksacktouristin auf der Insel unterwegs.<\/p>\n<p>Im Kino Casablanca haben wir einen sch\u00f6nen Vorf\u00fchrort gefunden. F\u00fcr die Zuschauer gibt&#8217;s Brennevin (The Original Icelandic Schnapps) und Trockenfisch. Letzterer wird von den meisten liegengelassen, sodass ich fast den ganzen Trockenfisch mit Butter alleine futtere.<\/p>\n<p><a href=\"http:\/\/annielux.de\/wp-content\/uploads\/2014\/09\/Goda-Ferd-Screening.jpg\"><img loading=\"lazy\" decoding=\"async\" class=\"alignnone size-full wp-image-4494\" alt=\"Goda Ferd Screening\" src=\"http:\/\/annielux.de\/wp-content\/uploads\/2014\/09\/Goda-Ferd-Screening.jpg\" width=\"468\" height=\"311\" srcset=\"http:\/\/annielux.de\/wp-content\/uploads\/2014\/09\/Goda-Ferd-Screening.jpg 1087w, http:\/\/annielux.de\/wp-content\/uploads\/2014\/09\/Goda-Ferd-Screening-300x199.jpg 300w, http:\/\/annielux.de\/wp-content\/uploads\/2014\/09\/Goda-Ferd-Screening-1024x682.jpg 1024w\" sizes=\"(max-width: 468px) 100vw, 468px\" \/><\/a><a href=\"http:\/\/annielux.de\/wp-content\/uploads\/2014\/09\/Go\u00f0a-Fer\u00f0-Filmvorf\u00fchrung.jpg\"><img loading=\"lazy\" decoding=\"async\" class=\"size-full wp-image-4493 alignright\" alt=\"Go\u00f0a Fer\u00f0 Filmvorf\u00fchrung\" src=\"http:\/\/annielux.de\/wp-content\/uploads\/2014\/09\/Go\u00f0a-Fer\u00f0-Filmvorf\u00fchrung.jpg\" width=\"392\" height=\"508\" \/><\/a><\/p>\n","protected":false},"excerpt":{"rendered":"<p>Heute zeige ich den Reisefilm Go\u00f0a Fer\u00f0, der unter der k\u00fcnstlerisch-technischen Leitung von Frank Nagel im Juli 2010 auf Island gedreht wurde. Ich bin darin als Rucksacktouristin auf der Insel unterwegs. Im Kino Casablanca haben wir einen sch\u00f6nen Vorf\u00fchrort gefunden. F\u00fcr die Zuschauer gibt&#8217;s Brennevin (The Original Icelandic Schnapps) und Trockenfisch. Letzterer wird von den meisten liegengelassen, sodass ich fast den ganzen Trockenfisch mit Butter alleine futtere.<\/p>\n","protected":false},"author":1,"featured_media":0,"comment_status":"open","ping_status":"open","sticky":false,"template":"","format":"standard","meta":{"footnotes":""},"categories":[5],"tags":[],"yoast_head":"<!-- This site is optimized with the Yoast SEO plugin v22.5 - https:\/\/yoast.com\/wordpress\/plugins\/seo\/ -->\n<title>Go\u00f0a Fer\u00f0 - Dresdner Urauff\u00fchrung - Annie Lux<\/title>\n<meta name=\"robots\" content=\"index, follow, max-snippet:-1, max-image-preview:large, max-video-preview:-1\" \/>\n<link rel=\"canonical\" href=\"http:\/\/annielux.de\/?p=4492\" \/>\n<meta property=\"og:locale\" content=\"de_DE\" \/>\n<meta property=\"og:type\" content=\"article\" \/>\n<meta property=\"og:title\" content=\"Go\u00f0a Fer\u00f0 - Dresdner Urauff\u00fchrung - Annie Lux\" \/>\n<meta property=\"og:description\" content=\"Heute zeige ich den Reisefilm Go\u00f0a Fer\u00f0, der unter der k\u00fcnstlerisch-technischen Leitung von Frank Nagel im Juli 2010 auf Island gedreht wurde. Ich bin darin als Rucksacktouristin auf der Insel unterwegs. Im Kino Casablanca haben wir einen sch\u00f6nen Vorf\u00fchrort gefunden. F\u00fcr die Zuschauer gibt&#8217;s Brennevin (The Original Icelandic Schnapps) und Trockenfisch. Letzterer wird von den meisten liegengelassen, sodass ich fast den ganzen Trockenfisch mit Butter alleine futtere.\" \/>\n<meta property=\"og:url\" content=\"http:\/\/annielux.de\/?p=4492\" \/>\n<meta property=\"og:site_name\" content=\"Annie Lux\" \/>\n<meta property=\"article:published_time\" content=\"2011-08-14T16:45:07+00:00\" \/>\n<meta property=\"article:modified_time\" content=\"2014-09-26T15:57:15+00:00\" \/>\n<meta property=\"og:image\" content=\"http:\/\/annielux.de\/wp-content\/uploads\/2014\/09\/Goda-Ferd-Screening.jpg\" \/>\n<meta name=\"author\" content=\"annielux\" \/>\n<meta name=\"twitter:card\" content=\"summary_large_image\" \/>\n<meta name=\"twitter:label1\" content=\"Verfasst von\" \/>\n\t<meta name=\"twitter:data1\" content=\"annielux\" \/>\n<script type=\"application\/ld+json\" class=\"yoast-schema-graph\">{\"@context\":\"https:\/\/schema.org\",\"@graph\":[{\"@type\":\"WebPage\",\"@id\":\"http:\/\/annielux.de\/?p=4492\",\"url\":\"http:\/\/annielux.de\/?p=4492\",\"name\":\"Go\u00f0a Fer\u00f0 - Dresdner Urauff\u00fchrung - Annie Lux\",\"isPartOf\":{\"@id\":\"http:\/\/annielux.de\/#website\"},\"primaryImageOfPage\":{\"@id\":\"http:\/\/annielux.de\/?p=4492#primaryimage\"},\"image\":{\"@id\":\"http:\/\/annielux.de\/?p=4492#primaryimage\"},\"thumbnailUrl\":\"http:\/\/annielux.de\/wp-content\/uploads\/2014\/09\/Goda-Ferd-Screening.jpg\",\"datePublished\":\"2011-08-14T16:45:07+00:00\",\"dateModified\":\"2014-09-26T15:57:15+00:00\",\"author\":{\"@id\":\"http:\/\/annielux.de\/#\/schema\/person\/3f8f70b4395db309d1d176c239dd2efe\"},\"breadcrumb\":{\"@id\":\"http:\/\/annielux.de\/?p=4492#breadcrumb\"},\"inLanguage\":\"de\",\"potentialAction\":[{\"@type\":\"ReadAction\",\"target\":[\"http:\/\/annielux.de\/?p=4492\"]}]},{\"@type\":\"ImageObject\",\"inLanguage\":\"de\",\"@id\":\"http:\/\/annielux.de\/?p=4492#primaryimage\",\"url\":\"http:\/\/annielux.de\/wp-content\/uploads\/2014\/09\/Goda-Ferd-Screening.jpg\",\"contentUrl\":\"http:\/\/annielux.de\/wp-content\/uploads\/2014\/09\/Goda-Ferd-Screening.jpg\"},{\"@type\":\"BreadcrumbList\",\"@id\":\"http:\/\/annielux.de\/?p=4492#breadcrumb\",\"itemListElement\":[{\"@type\":\"ListItem\",\"position\":1,\"name\":\"Startseite\",\"item\":\"http:\/\/annielux.de\/\"},{\"@type\":\"ListItem\",\"position\":2,\"name\":\"Go\u00f0a Fer\u00f0 &#8211; Dresdner Urauff\u00fchrung\"}]},{\"@type\":\"WebSite\",\"@id\":\"http:\/\/annielux.de\/#website\",\"url\":\"http:\/\/annielux.de\/\",\"name\":\"Annie Lux\",\"description\":\"K\u00fcnstlerin\",\"potentialAction\":[{\"@type\":\"SearchAction\",\"target\":{\"@type\":\"EntryPoint\",\"urlTemplate\":\"http:\/\/annielux.de\/?s={search_term_string}\"},\"query-input\":\"required name=search_term_string\"}],\"inLanguage\":\"de\"},{\"@type\":\"Person\",\"@id\":\"http:\/\/annielux.de\/#\/schema\/person\/3f8f70b4395db309d1d176c239dd2efe\",\"name\":\"annielux\",\"image\":{\"@type\":\"ImageObject\",\"inLanguage\":\"de\",\"@id\":\"http:\/\/annielux.de\/#\/schema\/person\/image\/\",\"url\":\"http:\/\/0.gravatar.com\/avatar\/c1af084958c70a468d182e284152c742?s=96&d=mm&r=g\",\"contentUrl\":\"http:\/\/0.gravatar.com\/avatar\/c1af084958c70a468d182e284152c742?s=96&d=mm&r=g\",\"caption\":\"annielux\"},\"url\":\"http:\/\/annielux.de\/?author=1\"}]}<\/script>\n<!-- \/ Yoast SEO plugin. -->","yoast_head_json":{"title":"Go\u00f0a Fer\u00f0 - Dresdner Urauff\u00fchrung - Annie Lux","robots":{"index":"index","follow":"follow","max-snippet":"max-snippet:-1","max-image-preview":"max-image-preview:large","max-video-preview":"max-video-preview:-1"},"canonical":"http:\/\/annielux.de\/?p=4492","og_locale":"de_DE","og_type":"article","og_title":"Go\u00f0a Fer\u00f0 - Dresdner Urauff\u00fchrung - Annie Lux","og_description":"Heute zeige ich den Reisefilm Go\u00f0a Fer\u00f0, der unter der k\u00fcnstlerisch-technischen Leitung von Frank Nagel im Juli 2010 auf Island gedreht wurde. Ich bin darin als Rucksacktouristin auf der Insel unterwegs. Im Kino Casablanca haben wir einen sch\u00f6nen Vorf\u00fchrort gefunden. F\u00fcr die Zuschauer gibt&#8217;s Brennevin (The Original Icelandic Schnapps) und Trockenfisch. Letzterer wird von den meisten liegengelassen, sodass ich fast den ganzen Trockenfisch mit Butter alleine futtere.","og_url":"http:\/\/annielux.de\/?p=4492","og_site_name":"Annie Lux","article_published_time":"2011-08-14T16:45:07+00:00","article_modified_time":"2014-09-26T15:57:15+00:00","og_image":[{"url":"http:\/\/annielux.de\/wp-content\/uploads\/2014\/09\/Goda-Ferd-Screening.jpg"}],"author":"annielux","twitter_card":"summary_large_image","twitter_misc":{"Verfasst von":"annielux"},"schema":{"@context":"https:\/\/schema.org","@graph":[{"@type":"WebPage","@id":"http:\/\/annielux.de\/?p=4492","url":"http:\/\/annielux.de\/?p=4492","name":"Go\u00f0a Fer\u00f0 - Dresdner Urauff\u00fchrung - Annie Lux","isPartOf":{"@id":"http:\/\/annielux.de\/#website"},"primaryImageOfPage":{"@id":"http:\/\/annielux.de\/?p=4492#primaryimage"},"image":{"@id":"http:\/\/annielux.de\/?p=4492#primaryimage"},"thumbnailUrl":"http:\/\/annielux.de\/wp-content\/uploads\/2014\/09\/Goda-Ferd-Screening.jpg","datePublished":"2011-08-14T16:45:07+00:00","dateModified":"2014-09-26T15:57:15+00:00","author":{"@id":"http:\/\/annielux.de\/#\/schema\/person\/3f8f70b4395db309d1d176c239dd2efe"},"breadcrumb":{"@id":"http:\/\/annielux.de\/?p=4492#breadcrumb"},"inLanguage":"de","potentialAction":[{"@type":"ReadAction","target":["http:\/\/annielux.de\/?p=4492"]}]},{"@type":"ImageObject","inLanguage":"de","@id":"http:\/\/annielux.de\/?p=4492#primaryimage","url":"http:\/\/annielux.de\/wp-content\/uploads\/2014\/09\/Goda-Ferd-Screening.jpg","contentUrl":"http:\/\/annielux.de\/wp-content\/uploads\/2014\/09\/Goda-Ferd-Screening.jpg"},{"@type":"BreadcrumbList","@id":"http:\/\/annielux.de\/?p=4492#breadcrumb","itemListElement":[{"@type":"ListItem","position":1,"name":"Startseite","item":"http:\/\/annielux.de\/"},{"@type":"ListItem","position":2,"name":"Go\u00f0a Fer\u00f0 &#8211; Dresdner Urauff\u00fchrung"}]},{"@type":"WebSite","@id":"http:\/\/annielux.de\/#website","url":"http:\/\/annielux.de\/","name":"Annie Lux","description":"K\u00fcnstlerin","potentialAction":[{"@type":"SearchAction","target":{"@type":"EntryPoint","urlTemplate":"http:\/\/annielux.de\/?s={search_term_string}"},"query-input":"required name=search_term_string"}],"inLanguage":"de"},{"@type":"Person","@id":"http:\/\/annielux.de\/#\/schema\/person\/3f8f70b4395db309d1d176c239dd2efe","name":"annielux","image":{"@type":"ImageObject","inLanguage":"de","@id":"http:\/\/annielux.de\/#\/schema\/person\/image\/","url":"http:\/\/0.gravatar.com\/avatar\/c1af084958c70a468d182e284152c742?s=96&d=mm&r=g","contentUrl":"http:\/\/0.gravatar.com\/avatar\/c1af084958c70a468d182e284152c742?s=96&d=mm&r=g","caption":"annielux"},"url":"http:\/\/annielux.de\/?author=1"}]}},"_links":{"self":[{"href":"http:\/\/annielux.de\/index.php?rest_route=\/wp\/v2\/posts\/4492"}],"collection":[{"href":"http:\/\/annielux.de\/index.php?rest_route=\/wp\/v2\/posts"}],"about":[{"href":"http:\/\/annielux.de\/index.php?rest_route=\/wp\/v2\/types\/post"}],"author":[{"embeddable":true,"href":"http:\/\/annielux.de\/index.php?rest_route=\/wp\/v2\/users\/1"}],"replies":[{"embeddable":true,"href":"http:\/\/annielux.de\/index.php?rest_route=%2Fwp%2Fv2%2Fcomments&post=4492"}],"version-history":[{"count":3,"href":"http:\/\/annielux.de\/index.php?rest_route=\/wp\/v2\/posts\/4492\/revisions"}],"predecessor-version":[{"id":4497,"href":"http:\/\/annielux.de\/index.php?rest_route=\/wp\/v2\/posts\/4492\/revisions\/4497"}],"wp:attachment":[{"href":"http:\/\/annielux.de\/index.php?rest_route=%2Fwp%2Fv2%2Fmedia&parent=4492"}],"wp:term":[{"taxonomy":"category","embeddable":true,"href":"http:\/\/annielux.de\/index.php?rest_route=%2Fwp%2Fv2%2Fcategories&post=4492"},{"taxonomy":"post_tag","embeddable":true,"href":"http:\/\/annielux.de\/index.php?rest_route=%2Fwp%2Fv2%2Ftags&post=4492"}],"curies":[{"name":"wp","href":"https:\/\/api.w.org\/{rel}","templated":true}]}}