{"id":4502,"date":"2009-03-13T20:00:02","date_gmt":"2009-03-13T20:00:02","guid":{"rendered":"http:\/\/annielux.de\/?p=4502"},"modified":"2014-09-26T16:26:38","modified_gmt":"2014-09-26T16:26:38","slug":"grusel-klang-lesung-blutwurst-im-keller","status":"publish","type":"post","link":"http:\/\/annielux.de\/?p=4502","title":{"rendered":"Grusel.Klang.Lesung &#8211; Blutwurst im Keller"},"content":{"rendered":"<p>Heute sind der Musiker Stefan Obenaus und ich erneut in der <a href=\"http:\/\/adamziege.artmovement.org\/\" target=\"_blank\">Galerie Adam Ziege<\/a> zu Gast. Stefan macht schaurig-sch\u00f6ne Kl\u00e4nge mit dem Geigenbogen auf seiner E-Gitarre. Die Kl\u00e4nge werden au\u00dferdem durch Hall- und Effektger\u00e4te verfremdet. Ich lese dazu &#8222;<a href=\"http:\/\/annielux.de\/wp-content\/uploads\/2013\/08\/04_Auszug_aus_Blutwurst_im_Keller.pdf\">Blutwurst im Keller<\/a>&#8222;.<\/p>\n<p><a href=\"http:\/\/annielux.de\/wp-content\/uploads\/2014\/09\/LesungBlutwurstDresden.jpg\"><img loading=\"lazy\" decoding=\"async\" class=\"alignnone size-full wp-image-4503\" alt=\"LesungBlutwurstDresden\" src=\"http:\/\/annielux.de\/wp-content\/uploads\/2014\/09\/LesungBlutwurstDresden.jpg\" width=\"406\" height=\"429\" srcset=\"http:\/\/annielux.de\/wp-content\/uploads\/2014\/09\/LesungBlutwurstDresden.jpg 521w, http:\/\/annielux.de\/wp-content\/uploads\/2014\/09\/LesungBlutwurstDresden-284x300.jpg 284w\" sizes=\"(max-width: 406px) 100vw, 406px\" \/><\/a><\/p>\n","protected":false},"excerpt":{"rendered":"<p>Heute sind der Musiker Stefan Obenaus und ich erneut in der Galerie Adam Ziege zu Gast. Stefan macht schaurig-sch\u00f6ne Kl\u00e4nge mit dem Geigenbogen auf seiner E-Gitarre. Die Kl\u00e4nge werden au\u00dferdem durch Hall- und Effektger\u00e4te verfremdet. Ich lese dazu &#8222;Blutwurst im Keller&#8222;.<\/p>\n","protected":false},"author":1,"featured_media":0,"comment_status":"open","ping_status":"open","sticky":false,"template":"","format":"standard","meta":{"footnotes":""},"categories":[5],"tags":[],"yoast_head":"<!-- This site is optimized with the Yoast SEO plugin v22.5 - https:\/\/yoast.com\/wordpress\/plugins\/seo\/ -->\n<title>Grusel.Klang.Lesung - Blutwurst im Keller - Annie Lux<\/title>\n<meta name=\"robots\" content=\"index, follow, max-snippet:-1, max-image-preview:large, max-video-preview:-1\" \/>\n<link rel=\"canonical\" href=\"https:\/\/annielux.de\/?p=4502\" \/>\n<meta property=\"og:locale\" content=\"de_DE\" \/>\n<meta property=\"og:type\" content=\"article\" \/>\n<meta property=\"og:title\" content=\"Grusel.Klang.Lesung - Blutwurst im Keller - Annie Lux\" \/>\n<meta property=\"og:description\" content=\"Heute sind der Musiker Stefan Obenaus und ich erneut in der Galerie Adam Ziege zu Gast. Stefan macht schaurig-sch\u00f6ne Kl\u00e4nge mit dem Geigenbogen auf seiner E-Gitarre. Die Kl\u00e4nge werden au\u00dferdem durch Hall- und Effektger\u00e4te verfremdet. Ich lese dazu &#8222;Blutwurst im Keller&#8222;.\" \/>\n<meta property=\"og:url\" content=\"https:\/\/annielux.de\/?p=4502\" \/>\n<meta property=\"og:site_name\" content=\"Annie Lux\" \/>\n<meta property=\"article:published_time\" content=\"2009-03-13T20:00:02+00:00\" \/>\n<meta property=\"article:modified_time\" content=\"2014-09-26T16:26:38+00:00\" \/>\n<meta property=\"og:image\" content=\"http:\/\/annielux.de\/wp-content\/uploads\/2014\/09\/LesungBlutwurstDresden.jpg\" \/>\n<meta name=\"author\" content=\"annielux\" \/>\n<meta name=\"twitter:card\" content=\"summary_large_image\" \/>\n<meta name=\"twitter:label1\" content=\"Verfasst von\" \/>\n\t<meta name=\"twitter:data1\" content=\"annielux\" \/>\n<script type=\"application\/ld+json\" class=\"yoast-schema-graph\">{\"@context\":\"https:\/\/schema.org\",\"@graph\":[{\"@type\":\"WebPage\",\"@id\":\"https:\/\/annielux.de\/?p=4502\",\"url\":\"https:\/\/annielux.de\/?p=4502\",\"name\":\"Grusel.Klang.Lesung - Blutwurst im Keller - Annie Lux\",\"isPartOf\":{\"@id\":\"http:\/\/annielux.de\/#website\"},\"primaryImageOfPage\":{\"@id\":\"https:\/\/annielux.de\/?p=4502#primaryimage\"},\"image\":{\"@id\":\"https:\/\/annielux.de\/?p=4502#primaryimage\"},\"thumbnailUrl\":\"http:\/\/annielux.de\/wp-content\/uploads\/2014\/09\/LesungBlutwurstDresden.jpg\",\"datePublished\":\"2009-03-13T20:00:02+00:00\",\"dateModified\":\"2014-09-26T16:26:38+00:00\",\"author\":{\"@id\":\"http:\/\/annielux.de\/#\/schema\/person\/3f8f70b4395db309d1d176c239dd2efe\"},\"breadcrumb\":{\"@id\":\"https:\/\/annielux.de\/?p=4502#breadcrumb\"},\"inLanguage\":\"de\",\"potentialAction\":[{\"@type\":\"ReadAction\",\"target\":[\"https:\/\/annielux.de\/?p=4502\"]}]},{\"@type\":\"ImageObject\",\"inLanguage\":\"de\",\"@id\":\"https:\/\/annielux.de\/?p=4502#primaryimage\",\"url\":\"http:\/\/annielux.de\/wp-content\/uploads\/2014\/09\/LesungBlutwurstDresden.jpg\",\"contentUrl\":\"http:\/\/annielux.de\/wp-content\/uploads\/2014\/09\/LesungBlutwurstDresden.jpg\"},{\"@type\":\"BreadcrumbList\",\"@id\":\"https:\/\/annielux.de\/?p=4502#breadcrumb\",\"itemListElement\":[{\"@type\":\"ListItem\",\"position\":1,\"name\":\"Startseite\",\"item\":\"http:\/\/annielux.de\/\"},{\"@type\":\"ListItem\",\"position\":2,\"name\":\"Grusel.Klang.Lesung &#8211; Blutwurst im Keller\"}]},{\"@type\":\"WebSite\",\"@id\":\"http:\/\/annielux.de\/#website\",\"url\":\"http:\/\/annielux.de\/\",\"name\":\"Annie Lux\",\"description\":\"K\u00fcnstlerin\",\"potentialAction\":[{\"@type\":\"SearchAction\",\"target\":{\"@type\":\"EntryPoint\",\"urlTemplate\":\"http:\/\/annielux.de\/?s={search_term_string}\"},\"query-input\":\"required name=search_term_string\"}],\"inLanguage\":\"de\"},{\"@type\":\"Person\",\"@id\":\"http:\/\/annielux.de\/#\/schema\/person\/3f8f70b4395db309d1d176c239dd2efe\",\"name\":\"annielux\",\"image\":{\"@type\":\"ImageObject\",\"inLanguage\":\"de\",\"@id\":\"http:\/\/annielux.de\/#\/schema\/person\/image\/\",\"url\":\"http:\/\/0.gravatar.com\/avatar\/c1af084958c70a468d182e284152c742?s=96&d=mm&r=g\",\"contentUrl\":\"http:\/\/0.gravatar.com\/avatar\/c1af084958c70a468d182e284152c742?s=96&d=mm&r=g\",\"caption\":\"annielux\"},\"url\":\"http:\/\/annielux.de\/?author=1\"}]}<\/script>\n<!-- \/ Yoast SEO plugin. -->","yoast_head_json":{"title":"Grusel.Klang.Lesung - Blutwurst im Keller - Annie Lux","robots":{"index":"index","follow":"follow","max-snippet":"max-snippet:-1","max-image-preview":"max-image-preview:large","max-video-preview":"max-video-preview:-1"},"canonical":"https:\/\/annielux.de\/?p=4502","og_locale":"de_DE","og_type":"article","og_title":"Grusel.Klang.Lesung - Blutwurst im Keller - Annie Lux","og_description":"Heute sind der Musiker Stefan Obenaus und ich erneut in der Galerie Adam Ziege zu Gast. Stefan macht schaurig-sch\u00f6ne Kl\u00e4nge mit dem Geigenbogen auf seiner E-Gitarre. Die Kl\u00e4nge werden au\u00dferdem durch Hall- und Effektger\u00e4te verfremdet. Ich lese dazu &#8222;Blutwurst im Keller&#8222;.","og_url":"https:\/\/annielux.de\/?p=4502","og_site_name":"Annie Lux","article_published_time":"2009-03-13T20:00:02+00:00","article_modified_time":"2014-09-26T16:26:38+00:00","og_image":[{"url":"http:\/\/annielux.de\/wp-content\/uploads\/2014\/09\/LesungBlutwurstDresden.jpg"}],"author":"annielux","twitter_card":"summary_large_image","twitter_misc":{"Verfasst von":"annielux"},"schema":{"@context":"https:\/\/schema.org","@graph":[{"@type":"WebPage","@id":"https:\/\/annielux.de\/?p=4502","url":"https:\/\/annielux.de\/?p=4502","name":"Grusel.Klang.Lesung - Blutwurst im Keller - Annie Lux","isPartOf":{"@id":"http:\/\/annielux.de\/#website"},"primaryImageOfPage":{"@id":"https:\/\/annielux.de\/?p=4502#primaryimage"},"image":{"@id":"https:\/\/annielux.de\/?p=4502#primaryimage"},"thumbnailUrl":"http:\/\/annielux.de\/wp-content\/uploads\/2014\/09\/LesungBlutwurstDresden.jpg","datePublished":"2009-03-13T20:00:02+00:00","dateModified":"2014-09-26T16:26:38+00:00","author":{"@id":"http:\/\/annielux.de\/#\/schema\/person\/3f8f70b4395db309d1d176c239dd2efe"},"breadcrumb":{"@id":"https:\/\/annielux.de\/?p=4502#breadcrumb"},"inLanguage":"de","potentialAction":[{"@type":"ReadAction","target":["https:\/\/annielux.de\/?p=4502"]}]},{"@type":"ImageObject","inLanguage":"de","@id":"https:\/\/annielux.de\/?p=4502#primaryimage","url":"http:\/\/annielux.de\/wp-content\/uploads\/2014\/09\/LesungBlutwurstDresden.jpg","contentUrl":"http:\/\/annielux.de\/wp-content\/uploads\/2014\/09\/LesungBlutwurstDresden.jpg"},{"@type":"BreadcrumbList","@id":"https:\/\/annielux.de\/?p=4502#breadcrumb","itemListElement":[{"@type":"ListItem","position":1,"name":"Startseite","item":"http:\/\/annielux.de\/"},{"@type":"ListItem","position":2,"name":"Grusel.Klang.Lesung &#8211; Blutwurst im Keller"}]},{"@type":"WebSite","@id":"http:\/\/annielux.de\/#website","url":"http:\/\/annielux.de\/","name":"Annie Lux","description":"K\u00fcnstlerin","potentialAction":[{"@type":"SearchAction","target":{"@type":"EntryPoint","urlTemplate":"http:\/\/annielux.de\/?s={search_term_string}"},"query-input":"required name=search_term_string"}],"inLanguage":"de"},{"@type":"Person","@id":"http:\/\/annielux.de\/#\/schema\/person\/3f8f70b4395db309d1d176c239dd2efe","name":"annielux","image":{"@type":"ImageObject","inLanguage":"de","@id":"http:\/\/annielux.de\/#\/schema\/person\/image\/","url":"http:\/\/0.gravatar.com\/avatar\/c1af084958c70a468d182e284152c742?s=96&d=mm&r=g","contentUrl":"http:\/\/0.gravatar.com\/avatar\/c1af084958c70a468d182e284152c742?s=96&d=mm&r=g","caption":"annielux"},"url":"http:\/\/annielux.de\/?author=1"}]}},"_links":{"self":[{"href":"http:\/\/annielux.de\/index.php?rest_route=\/wp\/v2\/posts\/4502"}],"collection":[{"href":"http:\/\/annielux.de\/index.php?rest_route=\/wp\/v2\/posts"}],"about":[{"href":"http:\/\/annielux.de\/index.php?rest_route=\/wp\/v2\/types\/post"}],"author":[{"embeddable":true,"href":"http:\/\/annielux.de\/index.php?rest_route=\/wp\/v2\/users\/1"}],"replies":[{"embeddable":true,"href":"http:\/\/annielux.de\/index.php?rest_route=%2Fwp%2Fv2%2Fcomments&post=4502"}],"version-history":[{"count":6,"href":"http:\/\/annielux.de\/index.php?rest_route=\/wp\/v2\/posts\/4502\/revisions"}],"predecessor-version":[{"id":4508,"href":"http:\/\/annielux.de\/index.php?rest_route=\/wp\/v2\/posts\/4502\/revisions\/4508"}],"wp:attachment":[{"href":"http:\/\/annielux.de\/index.php?rest_route=%2Fwp%2Fv2%2Fmedia&parent=4502"}],"wp:term":[{"taxonomy":"category","embeddable":true,"href":"http:\/\/annielux.de\/index.php?rest_route=%2Fwp%2Fv2%2Fcategories&post=4502"},{"taxonomy":"post_tag","embeddable":true,"href":"http:\/\/annielux.de\/index.php?rest_route=%2Fwp%2Fv2%2Ftags&post=4502"}],"curies":[{"name":"wp","href":"https:\/\/api.w.org\/{rel}","templated":true}]}}