{"id":4512,"date":"2005-03-26T20:00:18","date_gmt":"2005-03-26T20:00:18","guid":{"rendered":"http:\/\/annielux.de\/?p=4512"},"modified":"2014-09-30T11:15:00","modified_gmt":"2014-09-30T11:15:00","slug":"grete-fisch-in-der-darmstadter-krone","status":"publish","type":"post","link":"http:\/\/annielux.de\/?p=4512","title":{"rendered":"Grete Fisch in der Darmst\u00e4dter Krone"},"content":{"rendered":"<p>Heute geben Gerald und ich unser 2.Konzert seit dem Bestehen unserer Band. Ich bin sehr aufgeregt. Zeit f\u00fcr einen Soundcheck gab es nicht. Die anderen Bands haben zu lange gebraucht. Infolgedessen muss ich w\u00e4hrend unseres Auftritts gegen die viel zu laute Musik ansingen ohne mich selbst noch zu h\u00f6ren. Schrecklich. Ich bin am Boden zerst\u00f6rt&#8230;<\/p>\n<p><a href=\"http:\/\/annielux.de\/wp-content\/uploads\/2014\/09\/konzert.jpg\"><img loading=\"lazy\" decoding=\"async\" class=\"alignnone size-full wp-image-4513\" alt=\"konzert Darmst\u00e4dter Krone\" src=\"http:\/\/annielux.de\/wp-content\/uploads\/2014\/09\/konzert.jpg\" width=\"590\" height=\"413\" srcset=\"http:\/\/annielux.de\/wp-content\/uploads\/2014\/09\/konzert.jpg 720w, http:\/\/annielux.de\/wp-content\/uploads\/2014\/09\/konzert-300x210.jpg 300w\" sizes=\"(max-width: 590px) 100vw, 590px\" \/><\/a><\/p>\n","protected":false},"excerpt":{"rendered":"<p>Heute geben Gerald und ich unser 2.Konzert seit dem Bestehen unserer Band. Ich bin sehr aufgeregt. Zeit f\u00fcr einen Soundcheck gab es nicht. Die anderen Bands haben zu lange gebraucht. Infolgedessen muss ich w\u00e4hrend unseres Auftritts gegen die viel zu laute Musik ansingen ohne mich selbst noch zu h\u00f6ren. Schrecklich. Ich bin am Boden zerst\u00f6rt&#8230;<\/p>\n","protected":false},"author":1,"featured_media":0,"comment_status":"open","ping_status":"open","sticky":false,"template":"","format":"standard","meta":{"footnotes":""},"categories":[5],"tags":[],"yoast_head":"<!-- This site is optimized with the Yoast SEO plugin v22.5 - https:\/\/yoast.com\/wordpress\/plugins\/seo\/ -->\n<title>Grete Fisch in der Darmst\u00e4dter Krone - Annie Lux<\/title>\n<meta name=\"robots\" content=\"index, follow, max-snippet:-1, max-image-preview:large, max-video-preview:-1\" \/>\n<link rel=\"canonical\" href=\"http:\/\/annielux.de\/?p=4512\" \/>\n<meta property=\"og:locale\" content=\"de_DE\" \/>\n<meta property=\"og:type\" content=\"article\" \/>\n<meta property=\"og:title\" content=\"Grete Fisch in der Darmst\u00e4dter Krone - Annie Lux\" \/>\n<meta property=\"og:description\" content=\"Heute geben Gerald und ich unser 2.Konzert seit dem Bestehen unserer Band. Ich bin sehr aufgeregt. Zeit f\u00fcr einen Soundcheck gab es nicht. Die anderen Bands haben zu lange gebraucht. Infolgedessen muss ich w\u00e4hrend unseres Auftritts gegen die viel zu laute Musik ansingen ohne mich selbst noch zu h\u00f6ren. Schrecklich. Ich bin am Boden zerst\u00f6rt&#8230;\" \/>\n<meta property=\"og:url\" content=\"http:\/\/annielux.de\/?p=4512\" \/>\n<meta property=\"og:site_name\" content=\"Annie Lux\" \/>\n<meta property=\"article:published_time\" content=\"2005-03-26T20:00:18+00:00\" \/>\n<meta property=\"article:modified_time\" content=\"2014-09-30T11:15:00+00:00\" \/>\n<meta property=\"og:image\" content=\"http:\/\/annielux.de\/wp-content\/uploads\/2014\/09\/konzert.jpg\" \/>\n<meta name=\"author\" content=\"annielux\" \/>\n<meta name=\"twitter:card\" content=\"summary_large_image\" \/>\n<meta name=\"twitter:label1\" content=\"Verfasst von\" \/>\n\t<meta name=\"twitter:data1\" content=\"annielux\" \/>\n<script type=\"application\/ld+json\" class=\"yoast-schema-graph\">{\"@context\":\"https:\/\/schema.org\",\"@graph\":[{\"@type\":\"WebPage\",\"@id\":\"http:\/\/annielux.de\/?p=4512\",\"url\":\"http:\/\/annielux.de\/?p=4512\",\"name\":\"Grete Fisch in der Darmst\u00e4dter Krone - Annie Lux\",\"isPartOf\":{\"@id\":\"http:\/\/annielux.de\/#website\"},\"primaryImageOfPage\":{\"@id\":\"http:\/\/annielux.de\/?p=4512#primaryimage\"},\"image\":{\"@id\":\"http:\/\/annielux.de\/?p=4512#primaryimage\"},\"thumbnailUrl\":\"http:\/\/annielux.de\/wp-content\/uploads\/2014\/09\/konzert.jpg\",\"datePublished\":\"2005-03-26T20:00:18+00:00\",\"dateModified\":\"2014-09-30T11:15:00+00:00\",\"author\":{\"@id\":\"http:\/\/annielux.de\/#\/schema\/person\/3f8f70b4395db309d1d176c239dd2efe\"},\"breadcrumb\":{\"@id\":\"http:\/\/annielux.de\/?p=4512#breadcrumb\"},\"inLanguage\":\"de\",\"potentialAction\":[{\"@type\":\"ReadAction\",\"target\":[\"http:\/\/annielux.de\/?p=4512\"]}]},{\"@type\":\"ImageObject\",\"inLanguage\":\"de\",\"@id\":\"http:\/\/annielux.de\/?p=4512#primaryimage\",\"url\":\"http:\/\/annielux.de\/wp-content\/uploads\/2014\/09\/konzert.jpg\",\"contentUrl\":\"http:\/\/annielux.de\/wp-content\/uploads\/2014\/09\/konzert.jpg\"},{\"@type\":\"BreadcrumbList\",\"@id\":\"http:\/\/annielux.de\/?p=4512#breadcrumb\",\"itemListElement\":[{\"@type\":\"ListItem\",\"position\":1,\"name\":\"Startseite\",\"item\":\"http:\/\/annielux.de\/\"},{\"@type\":\"ListItem\",\"position\":2,\"name\":\"Grete Fisch in der Darmst\u00e4dter Krone\"}]},{\"@type\":\"WebSite\",\"@id\":\"http:\/\/annielux.de\/#website\",\"url\":\"http:\/\/annielux.de\/\",\"name\":\"Annie Lux\",\"description\":\"K\u00fcnstlerin\",\"potentialAction\":[{\"@type\":\"SearchAction\",\"target\":{\"@type\":\"EntryPoint\",\"urlTemplate\":\"http:\/\/annielux.de\/?s={search_term_string}\"},\"query-input\":\"required name=search_term_string\"}],\"inLanguage\":\"de\"},{\"@type\":\"Person\",\"@id\":\"http:\/\/annielux.de\/#\/schema\/person\/3f8f70b4395db309d1d176c239dd2efe\",\"name\":\"annielux\",\"image\":{\"@type\":\"ImageObject\",\"inLanguage\":\"de\",\"@id\":\"http:\/\/annielux.de\/#\/schema\/person\/image\/\",\"url\":\"http:\/\/0.gravatar.com\/avatar\/c1af084958c70a468d182e284152c742?s=96&d=mm&r=g\",\"contentUrl\":\"http:\/\/0.gravatar.com\/avatar\/c1af084958c70a468d182e284152c742?s=96&d=mm&r=g\",\"caption\":\"annielux\"},\"url\":\"http:\/\/annielux.de\/?author=1\"}]}<\/script>\n<!-- \/ Yoast SEO plugin. -->","yoast_head_json":{"title":"Grete Fisch in der Darmst\u00e4dter Krone - Annie Lux","robots":{"index":"index","follow":"follow","max-snippet":"max-snippet:-1","max-image-preview":"max-image-preview:large","max-video-preview":"max-video-preview:-1"},"canonical":"http:\/\/annielux.de\/?p=4512","og_locale":"de_DE","og_type":"article","og_title":"Grete Fisch in der Darmst\u00e4dter Krone - Annie Lux","og_description":"Heute geben Gerald und ich unser 2.Konzert seit dem Bestehen unserer Band. Ich bin sehr aufgeregt. Zeit f\u00fcr einen Soundcheck gab es nicht. Die anderen Bands haben zu lange gebraucht. Infolgedessen muss ich w\u00e4hrend unseres Auftritts gegen die viel zu laute Musik ansingen ohne mich selbst noch zu h\u00f6ren. Schrecklich. Ich bin am Boden zerst\u00f6rt&#8230;","og_url":"http:\/\/annielux.de\/?p=4512","og_site_name":"Annie Lux","article_published_time":"2005-03-26T20:00:18+00:00","article_modified_time":"2014-09-30T11:15:00+00:00","og_image":[{"url":"http:\/\/annielux.de\/wp-content\/uploads\/2014\/09\/konzert.jpg"}],"author":"annielux","twitter_card":"summary_large_image","twitter_misc":{"Verfasst von":"annielux"},"schema":{"@context":"https:\/\/schema.org","@graph":[{"@type":"WebPage","@id":"http:\/\/annielux.de\/?p=4512","url":"http:\/\/annielux.de\/?p=4512","name":"Grete Fisch in der Darmst\u00e4dter Krone - Annie Lux","isPartOf":{"@id":"http:\/\/annielux.de\/#website"},"primaryImageOfPage":{"@id":"http:\/\/annielux.de\/?p=4512#primaryimage"},"image":{"@id":"http:\/\/annielux.de\/?p=4512#primaryimage"},"thumbnailUrl":"http:\/\/annielux.de\/wp-content\/uploads\/2014\/09\/konzert.jpg","datePublished":"2005-03-26T20:00:18+00:00","dateModified":"2014-09-30T11:15:00+00:00","author":{"@id":"http:\/\/annielux.de\/#\/schema\/person\/3f8f70b4395db309d1d176c239dd2efe"},"breadcrumb":{"@id":"http:\/\/annielux.de\/?p=4512#breadcrumb"},"inLanguage":"de","potentialAction":[{"@type":"ReadAction","target":["http:\/\/annielux.de\/?p=4512"]}]},{"@type":"ImageObject","inLanguage":"de","@id":"http:\/\/annielux.de\/?p=4512#primaryimage","url":"http:\/\/annielux.de\/wp-content\/uploads\/2014\/09\/konzert.jpg","contentUrl":"http:\/\/annielux.de\/wp-content\/uploads\/2014\/09\/konzert.jpg"},{"@type":"BreadcrumbList","@id":"http:\/\/annielux.de\/?p=4512#breadcrumb","itemListElement":[{"@type":"ListItem","position":1,"name":"Startseite","item":"http:\/\/annielux.de\/"},{"@type":"ListItem","position":2,"name":"Grete Fisch in der Darmst\u00e4dter Krone"}]},{"@type":"WebSite","@id":"http:\/\/annielux.de\/#website","url":"http:\/\/annielux.de\/","name":"Annie Lux","description":"K\u00fcnstlerin","potentialAction":[{"@type":"SearchAction","target":{"@type":"EntryPoint","urlTemplate":"http:\/\/annielux.de\/?s={search_term_string}"},"query-input":"required name=search_term_string"}],"inLanguage":"de"},{"@type":"Person","@id":"http:\/\/annielux.de\/#\/schema\/person\/3f8f70b4395db309d1d176c239dd2efe","name":"annielux","image":{"@type":"ImageObject","inLanguage":"de","@id":"http:\/\/annielux.de\/#\/schema\/person\/image\/","url":"http:\/\/0.gravatar.com\/avatar\/c1af084958c70a468d182e284152c742?s=96&d=mm&r=g","contentUrl":"http:\/\/0.gravatar.com\/avatar\/c1af084958c70a468d182e284152c742?s=96&d=mm&r=g","caption":"annielux"},"url":"http:\/\/annielux.de\/?author=1"}]}},"_links":{"self":[{"href":"http:\/\/annielux.de\/index.php?rest_route=\/wp\/v2\/posts\/4512"}],"collection":[{"href":"http:\/\/annielux.de\/index.php?rest_route=\/wp\/v2\/posts"}],"about":[{"href":"http:\/\/annielux.de\/index.php?rest_route=\/wp\/v2\/types\/post"}],"author":[{"embeddable":true,"href":"http:\/\/annielux.de\/index.php?rest_route=\/wp\/v2\/users\/1"}],"replies":[{"embeddable":true,"href":"http:\/\/annielux.de\/index.php?rest_route=%2Fwp%2Fv2%2Fcomments&post=4512"}],"version-history":[{"count":1,"href":"http:\/\/annielux.de\/index.php?rest_route=\/wp\/v2\/posts\/4512\/revisions"}],"predecessor-version":[{"id":4514,"href":"http:\/\/annielux.de\/index.php?rest_route=\/wp\/v2\/posts\/4512\/revisions\/4514"}],"wp:attachment":[{"href":"http:\/\/annielux.de\/index.php?rest_route=%2Fwp%2Fv2%2Fmedia&parent=4512"}],"wp:term":[{"taxonomy":"category","embeddable":true,"href":"http:\/\/annielux.de\/index.php?rest_route=%2Fwp%2Fv2%2Fcategories&post=4512"},{"taxonomy":"post_tag","embeddable":true,"href":"http:\/\/annielux.de\/index.php?rest_route=%2Fwp%2Fv2%2Ftags&post=4512"}],"curies":[{"name":"wp","href":"https:\/\/api.w.org\/{rel}","templated":true}]}}