{"id":4522,"date":"2008-09-25T20:00:50","date_gmt":"2008-09-25T20:00:50","guid":{"rendered":"http:\/\/annielux.de\/?p=4522"},"modified":"2014-09-30T13:32:05","modified_gmt":"2014-09-30T13:32:05","slug":"wohin-mit-dem-ding-lesung-in-dresden","status":"publish","type":"post","link":"http:\/\/annielux.de\/?p=4522","title":{"rendered":"Wohin mit dem Ding? &#8211; Lesung in Dresden"},"content":{"rendered":"<p>Premiere von &#8222;Das Ding mit den Zipfeln&#8220;. Ich lese im Buchladen K\u00f6nig Kurt. Kurz nachdem ich beginne, klingelt das Buchladentelefon. Kein Personal ist da und k\u00fcmmert sich drum. Ich ziehe vor Schreck den Stecker und bringe es so zum Schweigen. Im Nachhinein betrachtet, w\u00e4re es cooler gewesen, das Gespr\u00e4ch anzunehmen und es in die Lesung mit einzubeziehen. Naja, ich war zu aufgeregt&#8230;<\/p>\n<p><a href=\"http:\/\/annielux.de\/wp-content\/uploads\/2014\/09\/Dresden0908-Kopie.jpg\"><img loading=\"lazy\" decoding=\"async\" class=\"alignnone size-full wp-image-4523\" alt=\"Dresden0908 Kopie\" src=\"http:\/\/annielux.de\/wp-content\/uploads\/2014\/09\/Dresden0908-Kopie.jpg\" width=\"500\" height=\"375\" srcset=\"http:\/\/annielux.de\/wp-content\/uploads\/2014\/09\/Dresden0908-Kopie.jpg 500w, http:\/\/annielux.de\/wp-content\/uploads\/2014\/09\/Dresden0908-Kopie-300x225.jpg 300w\" sizes=\"(max-width: 500px) 100vw, 500px\" \/><\/a><\/p>\n","protected":false},"excerpt":{"rendered":"<p>Premiere von &#8222;Das Ding mit den Zipfeln&#8220;. Ich lese im Buchladen K\u00f6nig Kurt. Kurz nachdem ich beginne, klingelt das Buchladentelefon. Kein Personal ist da und k\u00fcmmert sich drum. Ich ziehe vor Schreck den Stecker und bringe es so zum Schweigen. Im Nachhinein betrachtet, w\u00e4re es cooler gewesen, das Gespr\u00e4ch anzunehmen und es in die Lesung mit einzubeziehen. Naja, ich war zu aufgeregt&#8230;<\/p>\n","protected":false},"author":1,"featured_media":0,"comment_status":"open","ping_status":"open","sticky":false,"template":"","format":"standard","meta":{"footnotes":""},"categories":[5],"tags":[],"yoast_head":"<!-- This site is optimized with the Yoast SEO plugin v22.5 - https:\/\/yoast.com\/wordpress\/plugins\/seo\/ -->\n<title>Wohin mit dem Ding? - Lesung in Dresden - Annie Lux<\/title>\n<meta name=\"robots\" content=\"index, follow, max-snippet:-1, max-image-preview:large, max-video-preview:-1\" \/>\n<link rel=\"canonical\" href=\"http:\/\/annielux.de\/?p=4522\" \/>\n<meta property=\"og:locale\" content=\"de_DE\" \/>\n<meta property=\"og:type\" content=\"article\" \/>\n<meta property=\"og:title\" content=\"Wohin mit dem Ding? - Lesung in Dresden - Annie Lux\" \/>\n<meta property=\"og:description\" content=\"Premiere von &#8222;Das Ding mit den Zipfeln&#8220;. Ich lese im Buchladen K\u00f6nig Kurt. Kurz nachdem ich beginne, klingelt das Buchladentelefon. Kein Personal ist da und k\u00fcmmert sich drum. Ich ziehe vor Schreck den Stecker und bringe es so zum Schweigen. Im Nachhinein betrachtet, w\u00e4re es cooler gewesen, das Gespr\u00e4ch anzunehmen und es in die Lesung mit einzubeziehen. Naja, ich war zu aufgeregt&#8230;\" \/>\n<meta property=\"og:url\" content=\"http:\/\/annielux.de\/?p=4522\" \/>\n<meta property=\"og:site_name\" content=\"Annie Lux\" \/>\n<meta property=\"article:published_time\" content=\"2008-09-25T20:00:50+00:00\" \/>\n<meta property=\"article:modified_time\" content=\"2014-09-30T13:32:05+00:00\" \/>\n<meta property=\"og:image\" content=\"http:\/\/annielux.de\/wp-content\/uploads\/2014\/09\/Dresden0908-Kopie.jpg\" \/>\n<meta name=\"author\" content=\"annielux\" \/>\n<meta name=\"twitter:card\" content=\"summary_large_image\" \/>\n<meta name=\"twitter:label1\" content=\"Verfasst von\" \/>\n\t<meta name=\"twitter:data1\" content=\"annielux\" \/>\n<script type=\"application\/ld+json\" class=\"yoast-schema-graph\">{\"@context\":\"https:\/\/schema.org\",\"@graph\":[{\"@type\":\"WebPage\",\"@id\":\"http:\/\/annielux.de\/?p=4522\",\"url\":\"http:\/\/annielux.de\/?p=4522\",\"name\":\"Wohin mit dem Ding? - Lesung in Dresden - Annie Lux\",\"isPartOf\":{\"@id\":\"http:\/\/annielux.de\/#website\"},\"primaryImageOfPage\":{\"@id\":\"http:\/\/annielux.de\/?p=4522#primaryimage\"},\"image\":{\"@id\":\"http:\/\/annielux.de\/?p=4522#primaryimage\"},\"thumbnailUrl\":\"http:\/\/annielux.de\/wp-content\/uploads\/2014\/09\/Dresden0908-Kopie.jpg\",\"datePublished\":\"2008-09-25T20:00:50+00:00\",\"dateModified\":\"2014-09-30T13:32:05+00:00\",\"author\":{\"@id\":\"http:\/\/annielux.de\/#\/schema\/person\/3f8f70b4395db309d1d176c239dd2efe\"},\"breadcrumb\":{\"@id\":\"http:\/\/annielux.de\/?p=4522#breadcrumb\"},\"inLanguage\":\"de\",\"potentialAction\":[{\"@type\":\"ReadAction\",\"target\":[\"http:\/\/annielux.de\/?p=4522\"]}]},{\"@type\":\"ImageObject\",\"inLanguage\":\"de\",\"@id\":\"http:\/\/annielux.de\/?p=4522#primaryimage\",\"url\":\"http:\/\/annielux.de\/wp-content\/uploads\/2014\/09\/Dresden0908-Kopie.jpg\",\"contentUrl\":\"http:\/\/annielux.de\/wp-content\/uploads\/2014\/09\/Dresden0908-Kopie.jpg\"},{\"@type\":\"BreadcrumbList\",\"@id\":\"http:\/\/annielux.de\/?p=4522#breadcrumb\",\"itemListElement\":[{\"@type\":\"ListItem\",\"position\":1,\"name\":\"Startseite\",\"item\":\"http:\/\/annielux.de\/\"},{\"@type\":\"ListItem\",\"position\":2,\"name\":\"Wohin mit dem Ding? &#8211; Lesung in Dresden\"}]},{\"@type\":\"WebSite\",\"@id\":\"http:\/\/annielux.de\/#website\",\"url\":\"http:\/\/annielux.de\/\",\"name\":\"Annie Lux\",\"description\":\"K\u00fcnstlerin\",\"potentialAction\":[{\"@type\":\"SearchAction\",\"target\":{\"@type\":\"EntryPoint\",\"urlTemplate\":\"http:\/\/annielux.de\/?s={search_term_string}\"},\"query-input\":\"required name=search_term_string\"}],\"inLanguage\":\"de\"},{\"@type\":\"Person\",\"@id\":\"http:\/\/annielux.de\/#\/schema\/person\/3f8f70b4395db309d1d176c239dd2efe\",\"name\":\"annielux\",\"image\":{\"@type\":\"ImageObject\",\"inLanguage\":\"de\",\"@id\":\"http:\/\/annielux.de\/#\/schema\/person\/image\/\",\"url\":\"http:\/\/0.gravatar.com\/avatar\/c1af084958c70a468d182e284152c742?s=96&d=mm&r=g\",\"contentUrl\":\"http:\/\/0.gravatar.com\/avatar\/c1af084958c70a468d182e284152c742?s=96&d=mm&r=g\",\"caption\":\"annielux\"},\"url\":\"http:\/\/annielux.de\/?author=1\"}]}<\/script>\n<!-- \/ Yoast SEO plugin. -->","yoast_head_json":{"title":"Wohin mit dem Ding? - Lesung in Dresden - Annie Lux","robots":{"index":"index","follow":"follow","max-snippet":"max-snippet:-1","max-image-preview":"max-image-preview:large","max-video-preview":"max-video-preview:-1"},"canonical":"http:\/\/annielux.de\/?p=4522","og_locale":"de_DE","og_type":"article","og_title":"Wohin mit dem Ding? - Lesung in Dresden - Annie Lux","og_description":"Premiere von &#8222;Das Ding mit den Zipfeln&#8220;. Ich lese im Buchladen K\u00f6nig Kurt. Kurz nachdem ich beginne, klingelt das Buchladentelefon. Kein Personal ist da und k\u00fcmmert sich drum. Ich ziehe vor Schreck den Stecker und bringe es so zum Schweigen. Im Nachhinein betrachtet, w\u00e4re es cooler gewesen, das Gespr\u00e4ch anzunehmen und es in die Lesung mit einzubeziehen. Naja, ich war zu aufgeregt&#8230;","og_url":"http:\/\/annielux.de\/?p=4522","og_site_name":"Annie Lux","article_published_time":"2008-09-25T20:00:50+00:00","article_modified_time":"2014-09-30T13:32:05+00:00","og_image":[{"url":"http:\/\/annielux.de\/wp-content\/uploads\/2014\/09\/Dresden0908-Kopie.jpg"}],"author":"annielux","twitter_card":"summary_large_image","twitter_misc":{"Verfasst von":"annielux"},"schema":{"@context":"https:\/\/schema.org","@graph":[{"@type":"WebPage","@id":"http:\/\/annielux.de\/?p=4522","url":"http:\/\/annielux.de\/?p=4522","name":"Wohin mit dem Ding? - Lesung in Dresden - Annie Lux","isPartOf":{"@id":"http:\/\/annielux.de\/#website"},"primaryImageOfPage":{"@id":"http:\/\/annielux.de\/?p=4522#primaryimage"},"image":{"@id":"http:\/\/annielux.de\/?p=4522#primaryimage"},"thumbnailUrl":"http:\/\/annielux.de\/wp-content\/uploads\/2014\/09\/Dresden0908-Kopie.jpg","datePublished":"2008-09-25T20:00:50+00:00","dateModified":"2014-09-30T13:32:05+00:00","author":{"@id":"http:\/\/annielux.de\/#\/schema\/person\/3f8f70b4395db309d1d176c239dd2efe"},"breadcrumb":{"@id":"http:\/\/annielux.de\/?p=4522#breadcrumb"},"inLanguage":"de","potentialAction":[{"@type":"ReadAction","target":["http:\/\/annielux.de\/?p=4522"]}]},{"@type":"ImageObject","inLanguage":"de","@id":"http:\/\/annielux.de\/?p=4522#primaryimage","url":"http:\/\/annielux.de\/wp-content\/uploads\/2014\/09\/Dresden0908-Kopie.jpg","contentUrl":"http:\/\/annielux.de\/wp-content\/uploads\/2014\/09\/Dresden0908-Kopie.jpg"},{"@type":"BreadcrumbList","@id":"http:\/\/annielux.de\/?p=4522#breadcrumb","itemListElement":[{"@type":"ListItem","position":1,"name":"Startseite","item":"http:\/\/annielux.de\/"},{"@type":"ListItem","position":2,"name":"Wohin mit dem Ding? &#8211; Lesung in Dresden"}]},{"@type":"WebSite","@id":"http:\/\/annielux.de\/#website","url":"http:\/\/annielux.de\/","name":"Annie Lux","description":"K\u00fcnstlerin","potentialAction":[{"@type":"SearchAction","target":{"@type":"EntryPoint","urlTemplate":"http:\/\/annielux.de\/?s={search_term_string}"},"query-input":"required name=search_term_string"}],"inLanguage":"de"},{"@type":"Person","@id":"http:\/\/annielux.de\/#\/schema\/person\/3f8f70b4395db309d1d176c239dd2efe","name":"annielux","image":{"@type":"ImageObject","inLanguage":"de","@id":"http:\/\/annielux.de\/#\/schema\/person\/image\/","url":"http:\/\/0.gravatar.com\/avatar\/c1af084958c70a468d182e284152c742?s=96&d=mm&r=g","contentUrl":"http:\/\/0.gravatar.com\/avatar\/c1af084958c70a468d182e284152c742?s=96&d=mm&r=g","caption":"annielux"},"url":"http:\/\/annielux.de\/?author=1"}]}},"_links":{"self":[{"href":"http:\/\/annielux.de\/index.php?rest_route=\/wp\/v2\/posts\/4522"}],"collection":[{"href":"http:\/\/annielux.de\/index.php?rest_route=\/wp\/v2\/posts"}],"about":[{"href":"http:\/\/annielux.de\/index.php?rest_route=\/wp\/v2\/types\/post"}],"author":[{"embeddable":true,"href":"http:\/\/annielux.de\/index.php?rest_route=\/wp\/v2\/users\/1"}],"replies":[{"embeddable":true,"href":"http:\/\/annielux.de\/index.php?rest_route=%2Fwp%2Fv2%2Fcomments&post=4522"}],"version-history":[{"count":1,"href":"http:\/\/annielux.de\/index.php?rest_route=\/wp\/v2\/posts\/4522\/revisions"}],"predecessor-version":[{"id":4524,"href":"http:\/\/annielux.de\/index.php?rest_route=\/wp\/v2\/posts\/4522\/revisions\/4524"}],"wp:attachment":[{"href":"http:\/\/annielux.de\/index.php?rest_route=%2Fwp%2Fv2%2Fmedia&parent=4522"}],"wp:term":[{"taxonomy":"category","embeddable":true,"href":"http:\/\/annielux.de\/index.php?rest_route=%2Fwp%2Fv2%2Fcategories&post=4522"},{"taxonomy":"post_tag","embeddable":true,"href":"http:\/\/annielux.de\/index.php?rest_route=%2Fwp%2Fv2%2Ftags&post=4522"}],"curies":[{"name":"wp","href":"https:\/\/api.w.org\/{rel}","templated":true}]}}