{"id":4562,"date":"2015-07-06T10:06:22","date_gmt":"2015-07-06T10:06:22","guid":{"rendered":"http:\/\/annielux.de\/?p=4562"},"modified":"2016-12-06T18:32:58","modified_gmt":"2016-12-06T18:32:58","slug":"alles-im-fluss-theaterstueck-ueber-den-fluss-des-lebens","status":"publish","type":"post","link":"http:\/\/annielux.de\/?p=4562","title":{"rendered":"&#8222;Alles im Fluss&#8220; &#8211; Theaterst\u00fcck \u00fcber den Fluss des Lebens"},"content":{"rendered":"<p><a href=\"http:\/\/annielux.de\/wp-content\/uploads\/2016\/12\/Probenfoto-1.jpg\"><img loading=\"lazy\" decoding=\"async\" class=\"alignnone size-full wp-image-4604\" src=\"http:\/\/annielux.de\/wp-content\/uploads\/2016\/12\/Probenfoto-1.jpg\" alt=\"probenfoto-1\" width=\"1280\" height=\"425\" srcset=\"http:\/\/annielux.de\/wp-content\/uploads\/2016\/12\/Probenfoto-1.jpg 1280w, http:\/\/annielux.de\/wp-content\/uploads\/2016\/12\/Probenfoto-1-300x100.jpg 300w, http:\/\/annielux.de\/wp-content\/uploads\/2016\/12\/Probenfoto-1-768x255.jpg 768w, http:\/\/annielux.de\/wp-content\/uploads\/2016\/12\/Probenfoto-1-1024x340.jpg 1024w\" sizes=\"(max-width: 1280px) 100vw, 1280px\" \/><\/a>Anfang Februar trafen sich ca. 50 Menschen, um gemeinsam unter der Regie von Uli J\u00e4ckle und dem Team der Dresdner B\u00fcrgerb\u00fchne ein St\u00fcck \u00fcber die Elbe und den Fluss des Lebens zu erschaffen. W\u00e4hrend der Proben von Mitte Februar bis 23.April 2015 entstand das ganze St\u00fcck. Bis kurz vor der Premiere wurde daran gebastelt und gefeilt, so manches verworfen, anderes auf-, um- und ausgebaut, sodass am Ende ein sch\u00f6nes Gemeinschaftsprojekt auf die B\u00fchne gebracht wurde.<\/p>\n<p>Die erste Saison hat <a title=\"Alles im Fluss\" href=\"http:\/\/www.staatsschauspiel-dresden.de\/buergerbuehne\/inszenierungen\/inszenierungen_2014_2015\/alles_im_fluss\/beschreibung\/\" target=\"_blank\">&#8222;Alles im Fluss&#8220;<\/a> nun \u00fcberstanden. Alle sieben Vorstellungen (einschlie\u00dflich der \u00f6ffentlichen Probe) waren ausverkauft. Nach der Sommerpause geht es am 17.09. und am 08.10. um 20 Uhr im Kleinen Haus auf der Glacisstra\u00dfe 28, 01099 Dresden weiter.<\/p>\n<p>Annie spielt in dem 44-k\u00f6pfigen Ensemble unter ihrem b\u00fcrgerlichen Namen mit.<\/p>\n<p>Foto: Sebastian Lachnitt<\/p>\n","protected":false},"excerpt":{"rendered":"<p>Anfang Februar trafen sich ca. 50 Menschen, um gemeinsam unter der Regie von Uli J\u00e4ckle und dem Team der Dresdner B\u00fcrgerb\u00fchne ein St\u00fcck \u00fcber die Elbe und den Fluss des Lebens zu erschaffen. W\u00e4hrend der Proben von Mitte Februar bis 23.April 2015 entstand das ganze St\u00fcck. Bis kurz vor der Premiere wurde daran gebastelt und gefeilt, so manches verworfen, anderes auf-, um- und ausgebaut, sodass am Ende ein sch\u00f6nes Gemeinschaftsprojekt auf die B\u00fchne gebracht wurde. Die erste Saison hat &#8222;Alles im Fluss&#8220; nun \u00fcberstanden. Alle sieben Vorstellungen (einschlie\u00dflich der \u00f6ffentlichen Probe) waren ausverkauft. Nach der Sommerpause geht es am 17.09. und am 08.10. um 20 Uhr im Kleinen Haus auf der Glacisstra\u00dfe 28, 01099 Dresden weiter. Annie spielt in dem 44-k\u00f6pfigen Ensemble unter ihrem b\u00fcrgerlichen Namen mit. Foto: Sebastian Lachnitt<\/p>\n","protected":false},"author":1,"featured_media":0,"comment_status":"open","ping_status":"open","sticky":false,"template":"","format":"standard","meta":{"footnotes":""},"categories":[1,5],"tags":[],"yoast_head":"<!-- This site is optimized with the Yoast SEO plugin v22.5 - https:\/\/yoast.com\/wordpress\/plugins\/seo\/ -->\n<title>&quot;Alles im Fluss&quot; - Theaterst\u00fcck \u00fcber den Fluss des Lebens - Annie Lux<\/title>\n<meta name=\"robots\" content=\"index, follow, max-snippet:-1, max-image-preview:large, max-video-preview:-1\" \/>\n<link rel=\"canonical\" href=\"https:\/\/annielux.de\/?p=4562\" \/>\n<meta property=\"og:locale\" content=\"de_DE\" \/>\n<meta property=\"og:type\" content=\"article\" \/>\n<meta property=\"og:title\" content=\"&quot;Alles im Fluss&quot; - Theaterst\u00fcck \u00fcber den Fluss des Lebens - Annie Lux\" \/>\n<meta property=\"og:description\" content=\"Anfang Februar trafen sich ca. 50 Menschen, um gemeinsam unter der Regie von Uli J\u00e4ckle und dem Team der Dresdner B\u00fcrgerb\u00fchne ein St\u00fcck \u00fcber die Elbe und den Fluss des Lebens zu erschaffen. W\u00e4hrend der Proben von Mitte Februar bis 23.April 2015 entstand das ganze St\u00fcck. Bis kurz vor der Premiere wurde daran gebastelt und gefeilt, so manches verworfen, anderes auf-, um- und ausgebaut, sodass am Ende ein sch\u00f6nes Gemeinschaftsprojekt auf die B\u00fchne gebracht wurde. Die erste Saison hat &#8222;Alles im Fluss&#8220; nun \u00fcberstanden. Alle sieben Vorstellungen (einschlie\u00dflich der \u00f6ffentlichen Probe) waren ausverkauft. Nach der Sommerpause geht es am 17.09. und am 08.10. um 20 Uhr im Kleinen Haus auf der Glacisstra\u00dfe 28, 01099 Dresden weiter. Annie spielt in dem 44-k\u00f6pfigen Ensemble unter ihrem b\u00fcrgerlichen Namen mit. Foto: Sebastian Lachnitt\" \/>\n<meta property=\"og:url\" content=\"https:\/\/annielux.de\/?p=4562\" \/>\n<meta property=\"og:site_name\" content=\"Annie Lux\" \/>\n<meta property=\"article:published_time\" content=\"2015-07-06T10:06:22+00:00\" \/>\n<meta property=\"article:modified_time\" content=\"2016-12-06T18:32:58+00:00\" \/>\n<meta property=\"og:image\" content=\"http:\/\/annielux.de\/wp-content\/uploads\/2016\/12\/Probenfoto-1.jpg\" \/>\n<meta name=\"author\" content=\"annielux\" \/>\n<meta name=\"twitter:card\" content=\"summary_large_image\" \/>\n<meta name=\"twitter:label1\" content=\"Verfasst von\" \/>\n\t<meta name=\"twitter:data1\" content=\"annielux\" \/>\n\t<meta name=\"twitter:label2\" content=\"Gesch\u00e4tzte Lesezeit\" \/>\n\t<meta name=\"twitter:data2\" content=\"1\u00a0Minute\" \/>\n<script type=\"application\/ld+json\" class=\"yoast-schema-graph\">{\"@context\":\"https:\/\/schema.org\",\"@graph\":[{\"@type\":\"WebPage\",\"@id\":\"https:\/\/annielux.de\/?p=4562\",\"url\":\"https:\/\/annielux.de\/?p=4562\",\"name\":\"\\\"Alles im Fluss\\\" - Theaterst\u00fcck \u00fcber den Fluss des Lebens - Annie Lux\",\"isPartOf\":{\"@id\":\"http:\/\/annielux.de\/#website\"},\"primaryImageOfPage\":{\"@id\":\"https:\/\/annielux.de\/?p=4562#primaryimage\"},\"image\":{\"@id\":\"https:\/\/annielux.de\/?p=4562#primaryimage\"},\"thumbnailUrl\":\"http:\/\/annielux.de\/wp-content\/uploads\/2016\/12\/Probenfoto-1.jpg\",\"datePublished\":\"2015-07-06T10:06:22+00:00\",\"dateModified\":\"2016-12-06T18:32:58+00:00\",\"author\":{\"@id\":\"http:\/\/annielux.de\/#\/schema\/person\/3f8f70b4395db309d1d176c239dd2efe\"},\"breadcrumb\":{\"@id\":\"https:\/\/annielux.de\/?p=4562#breadcrumb\"},\"inLanguage\":\"de\",\"potentialAction\":[{\"@type\":\"ReadAction\",\"target\":[\"https:\/\/annielux.de\/?p=4562\"]}]},{\"@type\":\"ImageObject\",\"inLanguage\":\"de\",\"@id\":\"https:\/\/annielux.de\/?p=4562#primaryimage\",\"url\":\"http:\/\/annielux.de\/wp-content\/uploads\/2016\/12\/Probenfoto-1.jpg\",\"contentUrl\":\"http:\/\/annielux.de\/wp-content\/uploads\/2016\/12\/Probenfoto-1.jpg\"},{\"@type\":\"BreadcrumbList\",\"@id\":\"https:\/\/annielux.de\/?p=4562#breadcrumb\",\"itemListElement\":[{\"@type\":\"ListItem\",\"position\":1,\"name\":\"Startseite\",\"item\":\"http:\/\/annielux.de\/\"},{\"@type\":\"ListItem\",\"position\":2,\"name\":\"&#8222;Alles im Fluss&#8220; &#8211; Theaterst\u00fcck \u00fcber den Fluss des Lebens\"}]},{\"@type\":\"WebSite\",\"@id\":\"http:\/\/annielux.de\/#website\",\"url\":\"http:\/\/annielux.de\/\",\"name\":\"Annie Lux\",\"description\":\"K\u00fcnstlerin\",\"potentialAction\":[{\"@type\":\"SearchAction\",\"target\":{\"@type\":\"EntryPoint\",\"urlTemplate\":\"http:\/\/annielux.de\/?s={search_term_string}\"},\"query-input\":\"required name=search_term_string\"}],\"inLanguage\":\"de\"},{\"@type\":\"Person\",\"@id\":\"http:\/\/annielux.de\/#\/schema\/person\/3f8f70b4395db309d1d176c239dd2efe\",\"name\":\"annielux\",\"image\":{\"@type\":\"ImageObject\",\"inLanguage\":\"de\",\"@id\":\"http:\/\/annielux.de\/#\/schema\/person\/image\/\",\"url\":\"http:\/\/0.gravatar.com\/avatar\/c1af084958c70a468d182e284152c742?s=96&d=mm&r=g\",\"contentUrl\":\"http:\/\/0.gravatar.com\/avatar\/c1af084958c70a468d182e284152c742?s=96&d=mm&r=g\",\"caption\":\"annielux\"},\"url\":\"http:\/\/annielux.de\/?author=1\"}]}<\/script>\n<!-- \/ Yoast SEO plugin. -->","yoast_head_json":{"title":"\"Alles im Fluss\" - Theaterst\u00fcck \u00fcber den Fluss des Lebens - Annie Lux","robots":{"index":"index","follow":"follow","max-snippet":"max-snippet:-1","max-image-preview":"max-image-preview:large","max-video-preview":"max-video-preview:-1"},"canonical":"https:\/\/annielux.de\/?p=4562","og_locale":"de_DE","og_type":"article","og_title":"\"Alles im Fluss\" - Theaterst\u00fcck \u00fcber den Fluss des Lebens - Annie Lux","og_description":"Anfang Februar trafen sich ca. 50 Menschen, um gemeinsam unter der Regie von Uli J\u00e4ckle und dem Team der Dresdner B\u00fcrgerb\u00fchne ein St\u00fcck \u00fcber die Elbe und den Fluss des Lebens zu erschaffen. W\u00e4hrend der Proben von Mitte Februar bis 23.April 2015 entstand das ganze St\u00fcck. Bis kurz vor der Premiere wurde daran gebastelt und gefeilt, so manches verworfen, anderes auf-, um- und ausgebaut, sodass am Ende ein sch\u00f6nes Gemeinschaftsprojekt auf die B\u00fchne gebracht wurde. Die erste Saison hat &#8222;Alles im Fluss&#8220; nun \u00fcberstanden. Alle sieben Vorstellungen (einschlie\u00dflich der \u00f6ffentlichen Probe) waren ausverkauft. Nach der Sommerpause geht es am 17.09. und am 08.10. um 20 Uhr im Kleinen Haus auf der Glacisstra\u00dfe 28, 01099 Dresden weiter. Annie spielt in dem 44-k\u00f6pfigen Ensemble unter ihrem b\u00fcrgerlichen Namen mit. Foto: Sebastian Lachnitt","og_url":"https:\/\/annielux.de\/?p=4562","og_site_name":"Annie Lux","article_published_time":"2015-07-06T10:06:22+00:00","article_modified_time":"2016-12-06T18:32:58+00:00","og_image":[{"url":"http:\/\/annielux.de\/wp-content\/uploads\/2016\/12\/Probenfoto-1.jpg"}],"author":"annielux","twitter_card":"summary_large_image","twitter_misc":{"Verfasst von":"annielux","Gesch\u00e4tzte Lesezeit":"1\u00a0Minute"},"schema":{"@context":"https:\/\/schema.org","@graph":[{"@type":"WebPage","@id":"https:\/\/annielux.de\/?p=4562","url":"https:\/\/annielux.de\/?p=4562","name":"\"Alles im Fluss\" - Theaterst\u00fcck \u00fcber den Fluss des Lebens - Annie Lux","isPartOf":{"@id":"http:\/\/annielux.de\/#website"},"primaryImageOfPage":{"@id":"https:\/\/annielux.de\/?p=4562#primaryimage"},"image":{"@id":"https:\/\/annielux.de\/?p=4562#primaryimage"},"thumbnailUrl":"http:\/\/annielux.de\/wp-content\/uploads\/2016\/12\/Probenfoto-1.jpg","datePublished":"2015-07-06T10:06:22+00:00","dateModified":"2016-12-06T18:32:58+00:00","author":{"@id":"http:\/\/annielux.de\/#\/schema\/person\/3f8f70b4395db309d1d176c239dd2efe"},"breadcrumb":{"@id":"https:\/\/annielux.de\/?p=4562#breadcrumb"},"inLanguage":"de","potentialAction":[{"@type":"ReadAction","target":["https:\/\/annielux.de\/?p=4562"]}]},{"@type":"ImageObject","inLanguage":"de","@id":"https:\/\/annielux.de\/?p=4562#primaryimage","url":"http:\/\/annielux.de\/wp-content\/uploads\/2016\/12\/Probenfoto-1.jpg","contentUrl":"http:\/\/annielux.de\/wp-content\/uploads\/2016\/12\/Probenfoto-1.jpg"},{"@type":"BreadcrumbList","@id":"https:\/\/annielux.de\/?p=4562#breadcrumb","itemListElement":[{"@type":"ListItem","position":1,"name":"Startseite","item":"http:\/\/annielux.de\/"},{"@type":"ListItem","position":2,"name":"&#8222;Alles im Fluss&#8220; &#8211; Theaterst\u00fcck \u00fcber den Fluss des Lebens"}]},{"@type":"WebSite","@id":"http:\/\/annielux.de\/#website","url":"http:\/\/annielux.de\/","name":"Annie Lux","description":"K\u00fcnstlerin","potentialAction":[{"@type":"SearchAction","target":{"@type":"EntryPoint","urlTemplate":"http:\/\/annielux.de\/?s={search_term_string}"},"query-input":"required name=search_term_string"}],"inLanguage":"de"},{"@type":"Person","@id":"http:\/\/annielux.de\/#\/schema\/person\/3f8f70b4395db309d1d176c239dd2efe","name":"annielux","image":{"@type":"ImageObject","inLanguage":"de","@id":"http:\/\/annielux.de\/#\/schema\/person\/image\/","url":"http:\/\/0.gravatar.com\/avatar\/c1af084958c70a468d182e284152c742?s=96&d=mm&r=g","contentUrl":"http:\/\/0.gravatar.com\/avatar\/c1af084958c70a468d182e284152c742?s=96&d=mm&r=g","caption":"annielux"},"url":"http:\/\/annielux.de\/?author=1"}]}},"_links":{"self":[{"href":"http:\/\/annielux.de\/index.php?rest_route=\/wp\/v2\/posts\/4562"}],"collection":[{"href":"http:\/\/annielux.de\/index.php?rest_route=\/wp\/v2\/posts"}],"about":[{"href":"http:\/\/annielux.de\/index.php?rest_route=\/wp\/v2\/types\/post"}],"author":[{"embeddable":true,"href":"http:\/\/annielux.de\/index.php?rest_route=\/wp\/v2\/users\/1"}],"replies":[{"embeddable":true,"href":"http:\/\/annielux.de\/index.php?rest_route=%2Fwp%2Fv2%2Fcomments&post=4562"}],"version-history":[{"count":9,"href":"http:\/\/annielux.de\/index.php?rest_route=\/wp\/v2\/posts\/4562\/revisions"}],"predecessor-version":[{"id":4651,"href":"http:\/\/annielux.de\/index.php?rest_route=\/wp\/v2\/posts\/4562\/revisions\/4651"}],"wp:attachment":[{"href":"http:\/\/annielux.de\/index.php?rest_route=%2Fwp%2Fv2%2Fmedia&parent=4562"}],"wp:term":[{"taxonomy":"category","embeddable":true,"href":"http:\/\/annielux.de\/index.php?rest_route=%2Fwp%2Fv2%2Fcategories&post=4562"},{"taxonomy":"post_tag","embeddable":true,"href":"http:\/\/annielux.de\/index.php?rest_route=%2Fwp%2Fv2%2Ftags&post=4562"}],"curies":[{"name":"wp","href":"https:\/\/api.w.org\/{rel}","templated":true}]}}