{"id":4612,"date":"2016-03-17T20:00:48","date_gmt":"2016-03-17T20:00:48","guid":{"rendered":"http:\/\/annielux.de\/?p=4612"},"modified":"2016-12-06T18:31:57","modified_gmt":"2016-12-06T18:31:57","slug":"alles-im-fluss-letzte-vorstellung","status":"publish","type":"post","link":"http:\/\/annielux.de\/?p=4612","title":{"rendered":"&#8222;Alles im Fluss&#8220; &#8211; letzte Vorstellung!!!"},"content":{"rendered":"<p><a href=\"http:\/\/www.staatsschauspiel-dresden.de\/buergerbuehne\/inszenierungen\/inszenierungen_2014_2015\/alles_im_fluss\/\" target=\"_blank\">Alles im Fluss<\/a> \u2013 unser St\u00fcck \u00fcber den Fluss des Lebens und die Elbe im Besonderen unter der Regie von Uli J\u00e4ckle wurde am 17.M\u00e4rz nach fast einem Jahr abgespielt.<\/p>\n<p>Erinnerungen an die Proben vor einem Jahr&#8230;<\/p>\n<p><a href=\"http:\/\/annielux.de\/wp-content\/uploads\/2016\/12\/IMG_0604.jpeg\"><img loading=\"lazy\" decoding=\"async\" class=\"wp-image-4603 alignnone\" src=\"http:\/\/annielux.de\/wp-content\/uploads\/2016\/12\/IMG_0604.jpeg\" alt=\"img_0604\" width=\"609\" height=\"312\" srcset=\"http:\/\/annielux.de\/wp-content\/uploads\/2016\/12\/IMG_0604.jpeg 1280w, http:\/\/annielux.de\/wp-content\/uploads\/2016\/12\/IMG_0604-300x154.jpeg 300w, http:\/\/annielux.de\/wp-content\/uploads\/2016\/12\/IMG_0604-768x394.jpeg 768w, http:\/\/annielux.de\/wp-content\/uploads\/2016\/12\/IMG_0604-1024x525.jpeg 1024w\" sizes=\"(max-width: 609px) 100vw, 609px\" \/><\/a><a href=\"http:\/\/annielux.de\/wp-content\/uploads\/2016\/12\/IMG_0599.jpeg\"><img loading=\"lazy\" decoding=\"async\" class=\"wp-image-4601 alignnone\" src=\"http:\/\/annielux.de\/wp-content\/uploads\/2016\/12\/IMG_0599.jpeg\" alt=\"img_0599\" width=\"610\" height=\"317\" srcset=\"http:\/\/annielux.de\/wp-content\/uploads\/2016\/12\/IMG_0599.jpeg 1280w, http:\/\/annielux.de\/wp-content\/uploads\/2016\/12\/IMG_0599-300x156.jpeg 300w, http:\/\/annielux.de\/wp-content\/uploads\/2016\/12\/IMG_0599-768x399.jpeg 768w, http:\/\/annielux.de\/wp-content\/uploads\/2016\/12\/IMG_0599-1024x532.jpeg 1024w\" sizes=\"(max-width: 610px) 100vw, 610px\" \/><\/a><\/p>\n<p><a href=\"http:\/\/annielux.de\/wp-content\/uploads\/2016\/12\/IMG_0600.jpeg\"><img loading=\"lazy\" decoding=\"async\" class=\"alignnone wp-image-4602\" src=\"http:\/\/annielux.de\/wp-content\/uploads\/2016\/12\/IMG_0600.jpeg\" alt=\"img_0600\" width=\"610\" height=\"287\" srcset=\"http:\/\/annielux.de\/wp-content\/uploads\/2016\/12\/IMG_0600.jpeg 1280w, http:\/\/annielux.de\/wp-content\/uploads\/2016\/12\/IMG_0600-300x141.jpeg 300w, http:\/\/annielux.de\/wp-content\/uploads\/2016\/12\/IMG_0600-768x361.jpeg 768w, http:\/\/annielux.de\/wp-content\/uploads\/2016\/12\/IMG_0600-1024x482.jpeg 1024w\" sizes=\"(max-width: 610px) 100vw, 610px\" \/><\/a><\/p>\n","protected":false},"excerpt":{"rendered":"<p>Alles im Fluss \u2013 unser St\u00fcck \u00fcber den Fluss des Lebens und die Elbe im Besonderen unter der Regie von Uli J\u00e4ckle wurde am 17.M\u00e4rz nach fast einem Jahr abgespielt. Erinnerungen an die Proben vor einem Jahr&#8230;<\/p>\n","protected":false},"author":1,"featured_media":0,"comment_status":"open","ping_status":"open","sticky":false,"template":"","format":"standard","meta":{"footnotes":""},"categories":[1,5],"tags":[],"yoast_head":"<!-- This site is optimized with the Yoast SEO plugin v22.5 - https:\/\/yoast.com\/wordpress\/plugins\/seo\/ -->\n<title>&quot;Alles im Fluss&quot; - letzte Vorstellung!!! - Annie Lux<\/title>\n<meta name=\"robots\" content=\"index, follow, max-snippet:-1, max-image-preview:large, max-video-preview:-1\" \/>\n<link rel=\"canonical\" href=\"https:\/\/annielux.de\/?p=4612\" \/>\n<meta property=\"og:locale\" content=\"de_DE\" \/>\n<meta property=\"og:type\" content=\"article\" \/>\n<meta property=\"og:title\" content=\"&quot;Alles im Fluss&quot; - letzte Vorstellung!!! - Annie Lux\" \/>\n<meta property=\"og:description\" content=\"Alles im Fluss \u2013 unser St\u00fcck \u00fcber den Fluss des Lebens und die Elbe im Besonderen unter der Regie von Uli J\u00e4ckle wurde am 17.M\u00e4rz nach fast einem Jahr abgespielt. Erinnerungen an die Proben vor einem Jahr&#8230;\" \/>\n<meta property=\"og:url\" content=\"https:\/\/annielux.de\/?p=4612\" \/>\n<meta property=\"og:site_name\" content=\"Annie Lux\" \/>\n<meta property=\"article:published_time\" content=\"2016-03-17T20:00:48+00:00\" \/>\n<meta property=\"article:modified_time\" content=\"2016-12-06T18:31:57+00:00\" \/>\n<meta property=\"og:image\" content=\"http:\/\/annielux.de\/wp-content\/uploads\/2016\/12\/IMG_0604.jpeg\" \/>\n<meta name=\"author\" content=\"annielux\" \/>\n<meta name=\"twitter:card\" content=\"summary_large_image\" \/>\n<meta name=\"twitter:label1\" content=\"Verfasst von\" \/>\n\t<meta name=\"twitter:data1\" content=\"annielux\" \/>\n<script type=\"application\/ld+json\" class=\"yoast-schema-graph\">{\"@context\":\"https:\/\/schema.org\",\"@graph\":[{\"@type\":\"WebPage\",\"@id\":\"https:\/\/annielux.de\/?p=4612\",\"url\":\"https:\/\/annielux.de\/?p=4612\",\"name\":\"\\\"Alles im Fluss\\\" - letzte Vorstellung!!! - Annie Lux\",\"isPartOf\":{\"@id\":\"http:\/\/annielux.de\/#website\"},\"primaryImageOfPage\":{\"@id\":\"https:\/\/annielux.de\/?p=4612#primaryimage\"},\"image\":{\"@id\":\"https:\/\/annielux.de\/?p=4612#primaryimage\"},\"thumbnailUrl\":\"http:\/\/annielux.de\/wp-content\/uploads\/2016\/12\/IMG_0604.jpeg\",\"datePublished\":\"2016-03-17T20:00:48+00:00\",\"dateModified\":\"2016-12-06T18:31:57+00:00\",\"author\":{\"@id\":\"http:\/\/annielux.de\/#\/schema\/person\/3f8f70b4395db309d1d176c239dd2efe\"},\"breadcrumb\":{\"@id\":\"https:\/\/annielux.de\/?p=4612#breadcrumb\"},\"inLanguage\":\"de\",\"potentialAction\":[{\"@type\":\"ReadAction\",\"target\":[\"https:\/\/annielux.de\/?p=4612\"]}]},{\"@type\":\"ImageObject\",\"inLanguage\":\"de\",\"@id\":\"https:\/\/annielux.de\/?p=4612#primaryimage\",\"url\":\"http:\/\/annielux.de\/wp-content\/uploads\/2016\/12\/IMG_0604.jpeg\",\"contentUrl\":\"http:\/\/annielux.de\/wp-content\/uploads\/2016\/12\/IMG_0604.jpeg\"},{\"@type\":\"BreadcrumbList\",\"@id\":\"https:\/\/annielux.de\/?p=4612#breadcrumb\",\"itemListElement\":[{\"@type\":\"ListItem\",\"position\":1,\"name\":\"Startseite\",\"item\":\"http:\/\/annielux.de\/\"},{\"@type\":\"ListItem\",\"position\":2,\"name\":\"&#8222;Alles im Fluss&#8220; &#8211; letzte Vorstellung!!!\"}]},{\"@type\":\"WebSite\",\"@id\":\"http:\/\/annielux.de\/#website\",\"url\":\"http:\/\/annielux.de\/\",\"name\":\"Annie Lux\",\"description\":\"K\u00fcnstlerin\",\"potentialAction\":[{\"@type\":\"SearchAction\",\"target\":{\"@type\":\"EntryPoint\",\"urlTemplate\":\"http:\/\/annielux.de\/?s={search_term_string}\"},\"query-input\":\"required name=search_term_string\"}],\"inLanguage\":\"de\"},{\"@type\":\"Person\",\"@id\":\"http:\/\/annielux.de\/#\/schema\/person\/3f8f70b4395db309d1d176c239dd2efe\",\"name\":\"annielux\",\"image\":{\"@type\":\"ImageObject\",\"inLanguage\":\"de\",\"@id\":\"http:\/\/annielux.de\/#\/schema\/person\/image\/\",\"url\":\"http:\/\/0.gravatar.com\/avatar\/c1af084958c70a468d182e284152c742?s=96&d=mm&r=g\",\"contentUrl\":\"http:\/\/0.gravatar.com\/avatar\/c1af084958c70a468d182e284152c742?s=96&d=mm&r=g\",\"caption\":\"annielux\"},\"url\":\"http:\/\/annielux.de\/?author=1\"}]}<\/script>\n<!-- \/ Yoast SEO plugin. -->","yoast_head_json":{"title":"\"Alles im Fluss\" - letzte Vorstellung!!! - Annie Lux","robots":{"index":"index","follow":"follow","max-snippet":"max-snippet:-1","max-image-preview":"max-image-preview:large","max-video-preview":"max-video-preview:-1"},"canonical":"https:\/\/annielux.de\/?p=4612","og_locale":"de_DE","og_type":"article","og_title":"\"Alles im Fluss\" - letzte Vorstellung!!! - Annie Lux","og_description":"Alles im Fluss \u2013 unser St\u00fcck \u00fcber den Fluss des Lebens und die Elbe im Besonderen unter der Regie von Uli J\u00e4ckle wurde am 17.M\u00e4rz nach fast einem Jahr abgespielt. Erinnerungen an die Proben vor einem Jahr&#8230;","og_url":"https:\/\/annielux.de\/?p=4612","og_site_name":"Annie Lux","article_published_time":"2016-03-17T20:00:48+00:00","article_modified_time":"2016-12-06T18:31:57+00:00","og_image":[{"url":"http:\/\/annielux.de\/wp-content\/uploads\/2016\/12\/IMG_0604.jpeg"}],"author":"annielux","twitter_card":"summary_large_image","twitter_misc":{"Verfasst von":"annielux"},"schema":{"@context":"https:\/\/schema.org","@graph":[{"@type":"WebPage","@id":"https:\/\/annielux.de\/?p=4612","url":"https:\/\/annielux.de\/?p=4612","name":"\"Alles im Fluss\" - letzte Vorstellung!!! - Annie Lux","isPartOf":{"@id":"http:\/\/annielux.de\/#website"},"primaryImageOfPage":{"@id":"https:\/\/annielux.de\/?p=4612#primaryimage"},"image":{"@id":"https:\/\/annielux.de\/?p=4612#primaryimage"},"thumbnailUrl":"http:\/\/annielux.de\/wp-content\/uploads\/2016\/12\/IMG_0604.jpeg","datePublished":"2016-03-17T20:00:48+00:00","dateModified":"2016-12-06T18:31:57+00:00","author":{"@id":"http:\/\/annielux.de\/#\/schema\/person\/3f8f70b4395db309d1d176c239dd2efe"},"breadcrumb":{"@id":"https:\/\/annielux.de\/?p=4612#breadcrumb"},"inLanguage":"de","potentialAction":[{"@type":"ReadAction","target":["https:\/\/annielux.de\/?p=4612"]}]},{"@type":"ImageObject","inLanguage":"de","@id":"https:\/\/annielux.de\/?p=4612#primaryimage","url":"http:\/\/annielux.de\/wp-content\/uploads\/2016\/12\/IMG_0604.jpeg","contentUrl":"http:\/\/annielux.de\/wp-content\/uploads\/2016\/12\/IMG_0604.jpeg"},{"@type":"BreadcrumbList","@id":"https:\/\/annielux.de\/?p=4612#breadcrumb","itemListElement":[{"@type":"ListItem","position":1,"name":"Startseite","item":"http:\/\/annielux.de\/"},{"@type":"ListItem","position":2,"name":"&#8222;Alles im Fluss&#8220; &#8211; letzte Vorstellung!!!"}]},{"@type":"WebSite","@id":"http:\/\/annielux.de\/#website","url":"http:\/\/annielux.de\/","name":"Annie Lux","description":"K\u00fcnstlerin","potentialAction":[{"@type":"SearchAction","target":{"@type":"EntryPoint","urlTemplate":"http:\/\/annielux.de\/?s={search_term_string}"},"query-input":"required name=search_term_string"}],"inLanguage":"de"},{"@type":"Person","@id":"http:\/\/annielux.de\/#\/schema\/person\/3f8f70b4395db309d1d176c239dd2efe","name":"annielux","image":{"@type":"ImageObject","inLanguage":"de","@id":"http:\/\/annielux.de\/#\/schema\/person\/image\/","url":"http:\/\/0.gravatar.com\/avatar\/c1af084958c70a468d182e284152c742?s=96&d=mm&r=g","contentUrl":"http:\/\/0.gravatar.com\/avatar\/c1af084958c70a468d182e284152c742?s=96&d=mm&r=g","caption":"annielux"},"url":"http:\/\/annielux.de\/?author=1"}]}},"_links":{"self":[{"href":"http:\/\/annielux.de\/index.php?rest_route=\/wp\/v2\/posts\/4612"}],"collection":[{"href":"http:\/\/annielux.de\/index.php?rest_route=\/wp\/v2\/posts"}],"about":[{"href":"http:\/\/annielux.de\/index.php?rest_route=\/wp\/v2\/types\/post"}],"author":[{"embeddable":true,"href":"http:\/\/annielux.de\/index.php?rest_route=\/wp\/v2\/users\/1"}],"replies":[{"embeddable":true,"href":"http:\/\/annielux.de\/index.php?rest_route=%2Fwp%2Fv2%2Fcomments&post=4612"}],"version-history":[{"count":8,"href":"http:\/\/annielux.de\/index.php?rest_route=\/wp\/v2\/posts\/4612\/revisions"}],"predecessor-version":[{"id":4650,"href":"http:\/\/annielux.de\/index.php?rest_route=\/wp\/v2\/posts\/4612\/revisions\/4650"}],"wp:attachment":[{"href":"http:\/\/annielux.de\/index.php?rest_route=%2Fwp%2Fv2%2Fmedia&parent=4612"}],"wp:term":[{"taxonomy":"category","embeddable":true,"href":"http:\/\/annielux.de\/index.php?rest_route=%2Fwp%2Fv2%2Fcategories&post=4612"},{"taxonomy":"post_tag","embeddable":true,"href":"http:\/\/annielux.de\/index.php?rest_route=%2Fwp%2Fv2%2Ftags&post=4612"}],"curies":[{"name":"wp","href":"https:\/\/api.w.org\/{rel}","templated":true}]}}